{"id":3081,"date":"2023-08-01T16:52:48","date_gmt":"2023-08-01T14:52:48","guid":{"rendered":"https:\/\/www.imovel.pt\/news\/?p=3081"},"modified":"2023-08-01T16:54:40","modified_gmt":"2023-08-01T14:54:40","slug":"queimas-e-queimadas","status":"publish","type":"post","link":"https:\/\/www.imovel.pt\/news\/economia\/queimas-e-queimadas","title":{"rendered":"Queimas e queimadas: Quais as regras e a diferen\u00e7a?"},"content":{"rendered":"<p>Os propriet\u00e1rios devem conhecer as normas de limpeza dos seus terrenos e as regras para a realiza\u00e7\u00e3o de queimas e queimadas, por forma a proteger, n\u00e3o s\u00f3, a sua propriedade, mas tamb\u00e9m a floresta.<\/p>\n<p>O uso do fogo est\u00e1 associado a v\u00e1rias pr\u00e1ticas agr\u00edcolas e florestais, contudo, e para evitar dissabores, nomeadamente, a ocorr\u00eancia de inc\u00eandios, existem regras e um conjunto de boas-pr\u00e1ticas para a sua realiza\u00e7\u00e3o.<\/p>\n<p>Para come\u00e7ar importa esclarecer <strong>a diferen\u00e7a entre queimas a queimadas<\/strong>. Nas queimas, utiliza-se o fogo para eliminar sobras amontoadas da explora\u00e7\u00e3o agr\u00edcola ou florestal; a queimada \u00e9 o uso do fogo para renovar pastagens e eliminar sobras de explora\u00e7\u00e3o n\u00e3o amontoadas.<\/p>\n<p>\u00c9 exigida uma comunica\u00e7\u00e3o pr\u00e9via \u00e0 C\u00e2mara Municipal ou \u00e0 Junta de Freguesia, mas no caso das queimadas, \u00e9 necess\u00e1ria uma autoriza\u00e7\u00e3o do ICNF \u2013 Instituto da Conserva\u00e7\u00e3o da Natureza e das Florestas. A realiza\u00e7\u00e3o sem esta autoriza\u00e7\u00e3o \u00e9 proibida e sujeita a coima entre 140\u20ac a 5.000\u20ac, para pessoas singulares, e 800\u20ac a 60.000\u20ac, para pessoas coletivas.<\/p>\n<p>&nbsp;<\/p>\n<h2>Regras para realiza\u00e7\u00e3o de queimas e queimadas<\/h2>\n<p>Para a <strong>realiza\u00e7\u00e3o de queimas <\/strong>(queima de amontoados) \u00e9 obrigat\u00f3ria a comunica\u00e7\u00e3o pr\u00e9via \u00e0 C\u00e2mara Municipal ou Junta de Freguesia, ou o registo atrav\u00e9s do preenchimento de um <span style=\"text-decoration: underline;\"><a href=\"https:\/\/fogos.icnf.pt:8443\/queimasqueimadas\/QueimaSeguraRapidaadd.asp\" target=\"_blank\" rel=\"noopener\">formul\u00e1rio do ICNF<\/a><\/span>. H\u00e1 situa\u00e7\u00f5es em que \u00e9 necess\u00e1ria autoriza\u00e7\u00e3o, que se aplica quando se pretende fazer a queima em per\u00edodos cr\u00edticos. Algumas regras a ter em conta s\u00e3o:<\/p>\n<p>&#8211; Evitar fazer em per\u00edodos de tempo seco e quente ou com vento, dando prefer\u00eancia a per\u00edodos do ano mais h\u00famidos e dias nublados;<\/p>\n<p>&#8211; Fazer acompanhado e ter um telem\u00f3vel para dar o alerta rapidamente em caso de inc\u00eandio;<\/p>\n<p>&#8211; Afastar o amontoado das sobras de pastos, silvados, matos ou \u00e1rvores;<\/p>\n<p>&#8211; O amontoado deve ter uma faixa limpa e humedecida em volta;<\/p>\n<p>&#8211; Durante a queima deves ter por perto recipientes com \u00e1gua ou uma mangueira com liga\u00e7\u00e3o a uma torneira;<\/p>\n<p>&#8211; Mant\u00e9m-te atento \u00e0s altera\u00e7\u00f5es do vento e mant\u00e9m-te protegido do fumo tapando a boca e o nariz com um pano h\u00famido ou com uma m\u00e1scara de fumo;<\/p>\n<p>&#8211; Deve ser feita em montes de pequena dimens\u00e3o;<\/p>\n<p>&#8211; Para apagar o fogo, molha o local com \u00e1gua ou atira terra para cima do amontoado;<\/p>\n<p>&#8211; No final, deves certificar-te de que o fogo est\u00e1 completamente extinto e n\u00e3o existe fumo a sair das cinzas;<\/p>\n<p>&#8211; Se a queima ficar descontrolada, protege-te e liga 112.<\/p>\n<p>Para a <strong>realiza\u00e7\u00e3o de queimadas <\/strong>(queima extensiva) \u00e9 obrigat\u00f3rio obter autoriza\u00e7\u00e3o do ICNF. Para tal deves <a href=\"https:\/\/fogos.icnf.pt:8443\/queimasqueimadas\/QueimaSeguraRapidaadd.asp\" target=\"_blank\" rel=\"noopener\"><span style=\"text-decoration: underline;\">preencher o formul\u00e1rio<\/span><\/a> disponibilizado online e aguardar resposta por e-mail. Tem em conta que, neste caso, \u00e9 tamb\u00e9m obrigat\u00f3rio o acompanhamento t\u00e9cnico especializado. Para al\u00e9m das regras aplic\u00e1veis, acresce ainda:<\/p>\n<p>&#8211; A largura m\u00ednima da faixa limpa de vegeta\u00e7\u00e3o em volta, dever\u00e1 ser 2 vezes a altura da vegeta\u00e7\u00e3o a queimar. Tem ainda em conta o relevo e o tipo de vegeta\u00e7\u00e3o envolvente;<\/p>\n<p>&#8211; Escolher bem o ponto de in\u00edcio de modo a atingir os objetivos sem causar risco para os <span style=\"text-decoration: underline;\"><a href=\"https:\/\/www.imovel.pt\/news\/imobiliario\/credito-para-comprar-terreno-e-construir\">terrenos<\/a><\/span> vizinhos;<\/p>\n<p>&#8211; Se a bordadura da zona queimada apresentar temperaturas muito elevadas, e se confinar com manchas de vegeta\u00e7\u00e3o n\u00e3o ardida, deves refor\u00e7ar a largura da faixa limpa.<\/p>\n<figure id=\"attachment_3086\" aria-describedby=\"caption-attachment-3086\" style=\"width: 2932px\" class=\"wp-caption aligncenter\"><img loading=\"lazy\" decoding=\"async\" class=\"wp-image-3086 size-full\" src=\"https:\/\/www.imovel.pt\/news\/wp-content\/uploads\/2023\/08\/autorizacao-do-ICNF.-Para-tal-deves-preencher-o-formulario-disponibilizado-online-e-aguardar-resposta-por-e-mail.png\" alt=\"\" width=\"2932\" height=\"1744\" srcset=\"https:\/\/www.imovel.pt\/news\/wp-content\/uploads\/2023\/08\/autorizacao-do-ICNF.-Para-tal-deves-preencher-o-formulario-disponibilizado-online-e-aguardar-resposta-por-e-mail.png 2932w, https:\/\/www.imovel.pt\/news\/wp-content\/uploads\/2023\/08\/autorizacao-do-ICNF.-Para-tal-deves-preencher-o-formulario-disponibilizado-online-e-aguardar-resposta-por-e-mail-300x178.png 300w, https:\/\/www.imovel.pt\/news\/wp-content\/uploads\/2023\/08\/autorizacao-do-ICNF.-Para-tal-deves-preencher-o-formulario-disponibilizado-online-e-aguardar-resposta-por-e-mail-1024x609.png 1024w, https:\/\/www.imovel.pt\/news\/wp-content\/uploads\/2023\/08\/autorizacao-do-ICNF.-Para-tal-deves-preencher-o-formulario-disponibilizado-online-e-aguardar-resposta-por-e-mail-768x457.png 768w, https:\/\/www.imovel.pt\/news\/wp-content\/uploads\/2023\/08\/autorizacao-do-ICNF.-Para-tal-deves-preencher-o-formulario-disponibilizado-online-e-aguardar-resposta-por-e-mail-1536x914.png 1536w, https:\/\/www.imovel.pt\/news\/wp-content\/uploads\/2023\/08\/autorizacao-do-ICNF.-Para-tal-deves-preencher-o-formulario-disponibilizado-online-e-aguardar-resposta-por-e-mail-2048x1218.png 2048w, https:\/\/www.imovel.pt\/news\/wp-content\/uploads\/2023\/08\/autorizacao-do-ICNF.-Para-tal-deves-preencher-o-formulario-disponibilizado-online-e-aguardar-resposta-por-e-mail-600x357.png 600w\" sizes=\"auto, (max-width: 2932px) 100vw, 2932px\" \/><figcaption id=\"caption-attachment-3086\" class=\"wp-caption-text\">Fonte: icnf.pt<\/figcaption><\/figure>\n<p>&nbsp;<\/p>\n<h2>Boas pr\u00e1ticas de limpeza e manuten\u00e7\u00e3o de terrenos<\/h2>\n<p>Para al\u00e9m das regras, h\u00e1 ainda um conjunto de boas pr\u00e1ticas de limpeza e manuten\u00e7\u00e3o que os propriet\u00e1rios devem adotar para garantir a sua seguran\u00e7a e a dos outros.<\/p>\n<p><strong>Durante todo o ano deves:<\/strong><\/p>\n<p>&#8211; Manter o acesso \u00e0 habita\u00e7\u00e3o (se existir) livre de vegeta\u00e7\u00e3o;<\/p>\n<p>&#8211; Gerir cuidadosamente a vegeta\u00e7\u00e3o numa faixa de 50 metros ao redor da casa;<\/p>\n<p>&#8211; Cortar \u00e1rvores e arbustos a menos de 5 metros da habita\u00e7\u00e3o e impedir a proje\u00e7\u00e3o dos ramos sobre o telhado;<\/p>\n<p>&#8211; Manter um espa\u00e7amento de 4 metros entre \u00e1rvores (10 metros de se tratar de pinheiros e eucaliptos);<\/p>\n<p>&#8211; Limpar frequentemente os telhados e outros locais de acumula\u00e7\u00e3o de res\u00edduos de vegeta\u00e7\u00e3o;<\/p>\n<p>&#8211; Consultar frequentemente o painel de risco de inc\u00eandio dispon\u00edvel no site do <span style=\"text-decoration: underline;\"><a href=\"https:\/\/www.ipma.pt\/pt\/riscoincendio\/rcm.pt\/\" target=\"_blank\" rel=\"noopener\">IPMA<\/a><\/span> \u2013 Instituto Portugu\u00eas do Mar e da Atmosfera.<\/p>\n<p><strong>Em per\u00edodos cr\u00edticos, deves:<\/strong><\/p>\n<p>&#8211; N\u00e3o fumar ou usar fogareiros ou grelhadores fora dos locais autorizados;<\/p>\n<p>&#8211; Evitar fumigar ou desinfestar avi\u00e1rios sem sistema de reten\u00e7\u00e3o de fagulhas;<\/p>\n<p>&#8211; N\u00e3o lan\u00e7ar bal\u00f5es de mecha acesa ou foguetes;<\/p>\n<p>&#8211; Usar dispositivos de reten\u00e7\u00e3o de fa\u00edscas em m\u00e1quinas agr\u00edcolas.<\/p>\n<p>Todos os anos o Governo decreta uma <strong>data limite para a limpeza<\/strong> de terrenos antes do per\u00edodo de maior risco de inc\u00eandio, sob pena de pagamento de multa para os propriet\u00e1rios que n\u00e3o cumprirem com esta obriga\u00e7\u00e3o. Em casos extremos, a C\u00e2mara Municipal pode avan\u00e7ar com a limpeza e apresentar os custos ao propriet\u00e1rio.<\/p>\n<p>&nbsp;<\/p>\n<h2>Em caso de d\u00favidas<\/h2>\n<p>O ICNF disponibiliza um servi\u00e7o de atendimento telef\u00f3nico SOS ambiente e territ\u00f3rio, dispon\u00edvel todos os dias, das 8h \u00e0s 21h, e um email no <span style=\"text-decoration: underline;\"><a href=\"https:\/\/icnf.pt\/\" target=\"_blank\" rel=\"noopener\">site<\/a><\/span>, atrav\u00e9s dos quais poder\u00e3o ser expostas situa\u00e7\u00f5es e colocadas d\u00favidas sobre a realiza\u00e7\u00e3o e registo de queimas e queimadas.<\/p>\n","protected":false},"excerpt":{"rendered":"<p>Os propriet\u00e1rios devem conhecer as normas de limpeza dos seus terrenos e as regras para a realiza\u00e7\u00e3o de queimas e queimadas, por forma a proteger, n\u00e3o s\u00f3, a sua propriedade, mas tamb\u00e9m a floresta. O uso do fogo est\u00e1 associado a v\u00e1rias pr\u00e1ticas agr\u00edcolas e florestais, contudo, e para evitar dissabores, nomeadamente, a ocorr\u00eancia de [&hellip;]<\/p>\n","protected":false},"author":2,"featured_media":3084,"comment_status":"open","ping_status":"open","sticky":false,"template":"","format":"standard","meta":{"inline_featured_image":false,"footnotes":""},"categories":[35],"tags":[288,289,231],"class_list":["post-3081","post","type-post","status-publish","format-standard","has-post-thumbnail","hentry","category-economia","tag-queimas-e-queimadas","tag-risco-de-incendio","tag-terreno"],"yoast_head":"<!-- This site is optimized with the Yoast SEO Premium plugin v21.9 (Yoast SEO v27.4) - https:\/\/yoast.com\/product\/yoast-seo-premium-wordpress\/ -->\n<title>Queimas e queimadas: Quais as regras e a diferen\u00e7a?<\/title>\n<meta name=\"description\" content=\"Os propriet\u00e1rios devem conhecer as normas de limpeza dos seus terrenos e as regras para a realiza\u00e7\u00e3o de queimas e queimadas,\" \/>\n<meta name=\"robots\" content=\"index, follow, max-snippet:-1, max-image-preview:large, max-video-preview:-1\" \/>\n<link rel=\"canonical\" href=\"https:\/\/www.imovel.pt\/news\/economia\/queimas-e-queimadas\" \/>\n<meta property=\"og:locale\" content=\"pt_PT\" \/>\n<meta property=\"og:type\" content=\"article\" \/>\n<meta property=\"og:title\" content=\"Queimas e queimadas: Quais as regras e a diferen\u00e7a?\" \/>\n<meta property=\"og:description\" content=\"Os propriet\u00e1rios devem conhecer as normas de limpeza dos seus terrenos e as regras para a realiza\u00e7\u00e3o de queimas e queimadas,\" \/>\n<meta property=\"og:url\" content=\"https:\/\/www.imovel.pt\/news\/economia\/queimas-e-queimadas\" \/>\n<meta property=\"og:site_name\" content=\"im\u00f3vel.pt News\" \/>\n<meta property=\"article:publisher\" content=\"https:\/\/www.facebook.com\/imovel.pt\" \/>\n<meta property=\"article:published_time\" content=\"2023-08-01T14:52:48+00:00\" \/>\n<meta property=\"article:modified_time\" content=\"2023-08-01T14:54:40+00:00\" \/>\n<meta property=\"og:image\" content=\"https:\/\/www.imovel.pt\/news\/wp-content\/uploads\/2023\/08\/Queimas-e-queimadas-Quais-as-regras-e-a-diferenca.jpg\" \/>\n\t<meta property=\"og:image:width\" content=\"1018\" \/>\n\t<meta property=\"og:image:height\" content=\"678\" \/>\n\t<meta property=\"og:image:type\" content=\"image\/jpeg\" \/>\n<meta name=\"author\" content=\"im\u00f3vel.pt\" \/>\n<meta name=\"twitter:card\" content=\"summary_large_image\" \/>\n<meta name=\"twitter:label1\" content=\"Escrito por\" \/>\n\t<meta name=\"twitter:data1\" content=\"im\u00f3vel.pt\" \/>\n\t<meta name=\"twitter:label2\" content=\"Tempo estimado de leitura\" \/>\n\t<meta name=\"twitter:data2\" content=\"5 minutos\" \/>\n<script type=\"application\/ld+json\" class=\"yoast-schema-graph\">{\"@context\":\"https:\\\/\\\/schema.org\",\"@graph\":[{\"@type\":\"Article\",\"@id\":\"https:\\\/\\\/www.imovel.pt\\\/news\\\/economia\\\/queimas-e-queimadas#article\",\"isPartOf\":{\"@id\":\"https:\\\/\\\/www.imovel.pt\\\/news\\\/economia\\\/queimas-e-queimadas\"},\"author\":{\"name\":\"im\u00f3vel.pt\",\"@id\":\"https:\\\/\\\/www.imovel.pt\\\/news\\\/#\\\/schema\\\/person\\\/5d403e48cef3333473719d7916dc7ae4\"},\"headline\":\"Queimas e queimadas: Quais as regras e a diferen\u00e7a?\",\"datePublished\":\"2023-08-01T14:52:48+00:00\",\"dateModified\":\"2023-08-01T14:54:40+00:00\",\"mainEntityOfPage\":{\"@id\":\"https:\\\/\\\/www.imovel.pt\\\/news\\\/economia\\\/queimas-e-queimadas\"},\"wordCount\":932,\"commentCount\":0,\"publisher\":{\"@id\":\"https:\\\/\\\/www.imovel.pt\\\/news\\\/#organization\"},\"image\":{\"@id\":\"https:\\\/\\\/www.imovel.pt\\\/news\\\/economia\\\/queimas-e-queimadas#primaryimage\"},\"thumbnailUrl\":\"https:\\\/\\\/www.imovel.pt\\\/news\\\/wp-content\\\/uploads\\\/2023\\\/08\\\/Queimas-e-queimadas-Quais-as-regras-e-a-diferenca.jpg\",\"keywords\":[\"Queimas e queimadas\",\"Risco de Inc\u00eandio\",\"Terreno\"],\"articleSection\":[\"Economia\"],\"inLanguage\":\"pt-PT\",\"potentialAction\":[{\"@type\":\"CommentAction\",\"name\":\"Comment\",\"target\":[\"https:\\\/\\\/www.imovel.pt\\\/news\\\/economia\\\/queimas-e-queimadas#respond\"]}]},{\"@type\":\"WebPage\",\"@id\":\"https:\\\/\\\/www.imovel.pt\\\/news\\\/economia\\\/queimas-e-queimadas\",\"url\":\"https:\\\/\\\/www.imovel.pt\\\/news\\\/economia\\\/queimas-e-queimadas\",\"name\":\"Queimas e queimadas: Quais as regras e a diferen\u00e7a?\",\"isPartOf\":{\"@id\":\"https:\\\/\\\/www.imovel.pt\\\/news\\\/#website\"},\"primaryImageOfPage\":{\"@id\":\"https:\\\/\\\/www.imovel.pt\\\/news\\\/economia\\\/queimas-e-queimadas#primaryimage\"},\"image\":{\"@id\":\"https:\\\/\\\/www.imovel.pt\\\/news\\\/economia\\\/queimas-e-queimadas#primaryimage\"},\"thumbnailUrl\":\"https:\\\/\\\/www.imovel.pt\\\/news\\\/wp-content\\\/uploads\\\/2023\\\/08\\\/Queimas-e-queimadas-Quais-as-regras-e-a-diferenca.jpg\",\"datePublished\":\"2023-08-01T14:52:48+00:00\",\"dateModified\":\"2023-08-01T14:54:40+00:00\",\"description\":\"Os propriet\u00e1rios devem conhecer as normas de limpeza dos seus terrenos e as regras para a realiza\u00e7\u00e3o de queimas e queimadas,\",\"breadcrumb\":{\"@id\":\"https:\\\/\\\/www.imovel.pt\\\/news\\\/economia\\\/queimas-e-queimadas#breadcrumb\"},\"inLanguage\":\"pt-PT\",\"potentialAction\":[{\"@type\":\"ReadAction\",\"target\":[\"https:\\\/\\\/www.imovel.pt\\\/news\\\/economia\\\/queimas-e-queimadas\"]}]},{\"@type\":\"ImageObject\",\"inLanguage\":\"pt-PT\",\"@id\":\"https:\\\/\\\/www.imovel.pt\\\/news\\\/economia\\\/queimas-e-queimadas#primaryimage\",\"url\":\"https:\\\/\\\/www.imovel.pt\\\/news\\\/wp-content\\\/uploads\\\/2023\\\/08\\\/Queimas-e-queimadas-Quais-as-regras-e-a-diferenca.jpg\",\"contentUrl\":\"https:\\\/\\\/www.imovel.pt\\\/news\\\/wp-content\\\/uploads\\\/2023\\\/08\\\/Queimas-e-queimadas-Quais-as-regras-e-a-diferenca.jpg\",\"width\":1018,\"height\":678,\"caption\":\"queimas e queimadas\"},{\"@type\":\"BreadcrumbList\",\"@id\":\"https:\\\/\\\/www.imovel.pt\\\/news\\\/economia\\\/queimas-e-queimadas#breadcrumb\",\"itemListElement\":[{\"@type\":\"ListItem\",\"position\":1,\"name\":\"In\u00edcio\",\"item\":\"https:\\\/\\\/www.imovel.pt\\\/news\"},{\"@type\":\"ListItem\",\"position\":2,\"name\":\"Queimas e queimadas: Quais as regras e a diferen\u00e7a?\"}]},{\"@type\":\"WebSite\",\"@id\":\"https:\\\/\\\/www.imovel.pt\\\/news\\\/#website\",\"url\":\"https:\\\/\\\/www.imovel.pt\\\/news\\\/\",\"name\":\"im\u00f3vel.pt News\",\"description\":\"Dicas e Not\u00edcias sobre o mundo do mercado imobili\u00e1rio\",\"publisher\":{\"@id\":\"https:\\\/\\\/www.imovel.pt\\\/news\\\/#organization\"},\"alternateName\":\"im\u00f3vel.pt News\",\"potentialAction\":[{\"@type\":\"SearchAction\",\"target\":{\"@type\":\"EntryPoint\",\"urlTemplate\":\"https:\\\/\\\/www.imovel.pt\\\/news\\\/?s={search_term_string}\"},\"query-input\":{\"@type\":\"PropertyValueSpecification\",\"valueRequired\":true,\"valueName\":\"search_term_string\"}}],\"inLanguage\":\"pt-PT\"},{\"@type\":\"Organization\",\"@id\":\"https:\\\/\\\/www.imovel.pt\\\/news\\\/#organization\",\"name\":\"im\u00f3vel.pt News\",\"alternateName\":\"im\u00f3vel.pt News\",\"url\":\"https:\\\/\\\/www.imovel.pt\\\/news\\\/\",\"logo\":{\"@type\":\"ImageObject\",\"inLanguage\":\"pt-PT\",\"@id\":\"https:\\\/\\\/www.imovel.pt\\\/news\\\/#\\\/schema\\\/logo\\\/image\\\/\",\"url\":\"https:\\\/\\\/www.imovel.pt\\\/news\\\/wp-content\\\/uploads\\\/2022\\\/07\\\/logo-imovel.pt_.svg\",\"contentUrl\":\"https:\\\/\\\/www.imovel.pt\\\/news\\\/wp-content\\\/uploads\\\/2022\\\/07\\\/logo-imovel.pt_.svg\",\"width\":212,\"height\":57,\"caption\":\"im\u00f3vel.pt News\"},\"image\":{\"@id\":\"https:\\\/\\\/www.imovel.pt\\\/news\\\/#\\\/schema\\\/logo\\\/image\\\/\"},\"sameAs\":[\"https:\\\/\\\/www.facebook.com\\\/imovel.pt\",\"https:\\\/\\\/www.instagram.com\\\/imovel.pt\\\/\",\"https:\\\/\\\/www.tiktok.com\\\/@imovel.pt\"]},{\"@type\":\"Person\",\"@id\":\"https:\\\/\\\/www.imovel.pt\\\/news\\\/#\\\/schema\\\/person\\\/5d403e48cef3333473719d7916dc7ae4\",\"name\":\"im\u00f3vel.pt\",\"image\":{\"@type\":\"ImageObject\",\"inLanguage\":\"pt-PT\",\"@id\":\"https:\\\/\\\/www.imovel.pt\\\/news\\\/wp-content\\\/uploads\\\/2022\\\/07\\\/cropped-cropped-imovel.pt2_-96x96.jpg\",\"url\":\"https:\\\/\\\/www.imovel.pt\\\/news\\\/wp-content\\\/uploads\\\/2022\\\/07\\\/cropped-cropped-imovel.pt2_-96x96.jpg\",\"contentUrl\":\"https:\\\/\\\/www.imovel.pt\\\/news\\\/wp-content\\\/uploads\\\/2022\\\/07\\\/cropped-cropped-imovel.pt2_-96x96.jpg\",\"caption\":\"im\u00f3vel.pt\"}}]}<\/script>\n<!-- \/ Yoast SEO Premium plugin. -->","yoast_head_json":{"title":"Queimas e queimadas: Quais as regras e a diferen\u00e7a?","description":"Os propriet\u00e1rios devem conhecer as normas de limpeza dos seus terrenos e as regras para a realiza\u00e7\u00e3o de queimas e queimadas,","robots":{"index":"index","follow":"follow","max-snippet":"max-snippet:-1","max-image-preview":"max-image-preview:large","max-video-preview":"max-video-preview:-1"},"canonical":"https:\/\/www.imovel.pt\/news\/economia\/queimas-e-queimadas","og_locale":"pt_PT","og_type":"article","og_title":"Queimas e queimadas: Quais as regras e a diferen\u00e7a?","og_description":"Os propriet\u00e1rios devem conhecer as normas de limpeza dos seus terrenos e as regras para a realiza\u00e7\u00e3o de queimas e queimadas,","og_url":"https:\/\/www.imovel.pt\/news\/economia\/queimas-e-queimadas","og_site_name":"im\u00f3vel.pt News","article_publisher":"https:\/\/www.facebook.com\/imovel.pt","article_published_time":"2023-08-01T14:52:48+00:00","article_modified_time":"2023-08-01T14:54:40+00:00","og_image":[{"width":1018,"height":678,"url":"https:\/\/www.imovel.pt\/news\/wp-content\/uploads\/2023\/08\/Queimas-e-queimadas-Quais-as-regras-e-a-diferenca.jpg","type":"image\/jpeg"}],"author":"im\u00f3vel.pt","twitter_card":"summary_large_image","twitter_misc":{"Escrito por":"im\u00f3vel.pt","Tempo estimado de leitura":"5 minutos"},"schema":{"@context":"https:\/\/schema.org","@graph":[{"@type":"Article","@id":"https:\/\/www.imovel.pt\/news\/economia\/queimas-e-queimadas#article","isPartOf":{"@id":"https:\/\/www.imovel.pt\/news\/economia\/queimas-e-queimadas"},"author":{"name":"im\u00f3vel.pt","@id":"https:\/\/www.imovel.pt\/news\/#\/schema\/person\/5d403e48cef3333473719d7916dc7ae4"},"headline":"Queimas e queimadas: Quais as regras e a diferen\u00e7a?","datePublished":"2023-08-01T14:52:48+00:00","dateModified":"2023-08-01T14:54:40+00:00","mainEntityOfPage":{"@id":"https:\/\/www.imovel.pt\/news\/economia\/queimas-e-queimadas"},"wordCount":932,"commentCount":0,"publisher":{"@id":"https:\/\/www.imovel.pt\/news\/#organization"},"image":{"@id":"https:\/\/www.imovel.pt\/news\/economia\/queimas-e-queimadas#primaryimage"},"thumbnailUrl":"https:\/\/www.imovel.pt\/news\/wp-content\/uploads\/2023\/08\/Queimas-e-queimadas-Quais-as-regras-e-a-diferenca.jpg","keywords":["Queimas e queimadas","Risco de Inc\u00eandio","Terreno"],"articleSection":["Economia"],"inLanguage":"pt-PT","potentialAction":[{"@type":"CommentAction","name":"Comment","target":["https:\/\/www.imovel.pt\/news\/economia\/queimas-e-queimadas#respond"]}]},{"@type":"WebPage","@id":"https:\/\/www.imovel.pt\/news\/economia\/queimas-e-queimadas","url":"https:\/\/www.imovel.pt\/news\/economia\/queimas-e-queimadas","name":"Queimas e queimadas: Quais as regras e a diferen\u00e7a?","isPartOf":{"@id":"https:\/\/www.imovel.pt\/news\/#website"},"primaryImageOfPage":{"@id":"https:\/\/www.imovel.pt\/news\/economia\/queimas-e-queimadas#primaryimage"},"image":{"@id":"https:\/\/www.imovel.pt\/news\/economia\/queimas-e-queimadas#primaryimage"},"thumbnailUrl":"https:\/\/www.imovel.pt\/news\/wp-content\/uploads\/2023\/08\/Queimas-e-queimadas-Quais-as-regras-e-a-diferenca.jpg","datePublished":"2023-08-01T14:52:48+00:00","dateModified":"2023-08-01T14:54:40+00:00","description":"Os propriet\u00e1rios devem conhecer as normas de limpeza dos seus terrenos e as regras para a realiza\u00e7\u00e3o de queimas e queimadas,","breadcrumb":{"@id":"https:\/\/www.imovel.pt\/news\/economia\/queimas-e-queimadas#breadcrumb"},"inLanguage":"pt-PT","potentialAction":[{"@type":"ReadAction","target":["https:\/\/www.imovel.pt\/news\/economia\/queimas-e-queimadas"]}]},{"@type":"ImageObject","inLanguage":"pt-PT","@id":"https:\/\/www.imovel.pt\/news\/economia\/queimas-e-queimadas#primaryimage","url":"https:\/\/www.imovel.pt\/news\/wp-content\/uploads\/2023\/08\/Queimas-e-queimadas-Quais-as-regras-e-a-diferenca.jpg","contentUrl":"https:\/\/www.imovel.pt\/news\/wp-content\/uploads\/2023\/08\/Queimas-e-queimadas-Quais-as-regras-e-a-diferenca.jpg","width":1018,"height":678,"caption":"queimas e queimadas"},{"@type":"BreadcrumbList","@id":"https:\/\/www.imovel.pt\/news\/economia\/queimas-e-queimadas#breadcrumb","itemListElement":[{"@type":"ListItem","position":1,"name":"In\u00edcio","item":"https:\/\/www.imovel.pt\/news"},{"@type":"ListItem","position":2,"name":"Queimas e queimadas: Quais as regras e a diferen\u00e7a?"}]},{"@type":"WebSite","@id":"https:\/\/www.imovel.pt\/news\/#website","url":"https:\/\/www.imovel.pt\/news\/","name":"im\u00f3vel.pt News","description":"Dicas e Not\u00edcias sobre o mundo do mercado imobili\u00e1rio","publisher":{"@id":"https:\/\/www.imovel.pt\/news\/#organization"},"alternateName":"im\u00f3vel.pt News","potentialAction":[{"@type":"SearchAction","target":{"@type":"EntryPoint","urlTemplate":"https:\/\/www.imovel.pt\/news\/?s={search_term_string}"},"query-input":{"@type":"PropertyValueSpecification","valueRequired":true,"valueName":"search_term_string"}}],"inLanguage":"pt-PT"},{"@type":"Organization","@id":"https:\/\/www.imovel.pt\/news\/#organization","name":"im\u00f3vel.pt News","alternateName":"im\u00f3vel.pt News","url":"https:\/\/www.imovel.pt\/news\/","logo":{"@type":"ImageObject","inLanguage":"pt-PT","@id":"https:\/\/www.imovel.pt\/news\/#\/schema\/logo\/image\/","url":"https:\/\/www.imovel.pt\/news\/wp-content\/uploads\/2022\/07\/logo-imovel.pt_.svg","contentUrl":"https:\/\/www.imovel.pt\/news\/wp-content\/uploads\/2022\/07\/logo-imovel.pt_.svg","width":212,"height":57,"caption":"im\u00f3vel.pt News"},"image":{"@id":"https:\/\/www.imovel.pt\/news\/#\/schema\/logo\/image\/"},"sameAs":["https:\/\/www.facebook.com\/imovel.pt","https:\/\/www.instagram.com\/imovel.pt\/","https:\/\/www.tiktok.com\/@imovel.pt"]},{"@type":"Person","@id":"https:\/\/www.imovel.pt\/news\/#\/schema\/person\/5d403e48cef3333473719d7916dc7ae4","name":"im\u00f3vel.pt","image":{"@type":"ImageObject","inLanguage":"pt-PT","@id":"https:\/\/www.imovel.pt\/news\/wp-content\/uploads\/2022\/07\/cropped-cropped-imovel.pt2_-96x96.jpg","url":"https:\/\/www.imovel.pt\/news\/wp-content\/uploads\/2022\/07\/cropped-cropped-imovel.pt2_-96x96.jpg","contentUrl":"https:\/\/www.imovel.pt\/news\/wp-content\/uploads\/2022\/07\/cropped-cropped-imovel.pt2_-96x96.jpg","caption":"im\u00f3vel.pt"}}]}},"_links":{"self":[{"href":"https:\/\/www.imovel.pt\/news\/wp-json\/wp\/v2\/posts\/3081","targetHints":{"allow":["GET"]}}],"collection":[{"href":"https:\/\/www.imovel.pt\/news\/wp-json\/wp\/v2\/posts"}],"about":[{"href":"https:\/\/www.imovel.pt\/news\/wp-json\/wp\/v2\/types\/post"}],"author":[{"embeddable":true,"href":"https:\/\/www.imovel.pt\/news\/wp-json\/wp\/v2\/users\/2"}],"replies":[{"embeddable":true,"href":"https:\/\/www.imovel.pt\/news\/wp-json\/wp\/v2\/comments?post=3081"}],"version-history":[{"count":4,"href":"https:\/\/www.imovel.pt\/news\/wp-json\/wp\/v2\/posts\/3081\/revisions"}],"predecessor-version":[{"id":3087,"href":"https:\/\/www.imovel.pt\/news\/wp-json\/wp\/v2\/posts\/3081\/revisions\/3087"}],"wp:featuredmedia":[{"embeddable":true,"href":"https:\/\/www.imovel.pt\/news\/wp-json\/wp\/v2\/media\/3084"}],"wp:attachment":[{"href":"https:\/\/www.imovel.pt\/news\/wp-json\/wp\/v2\/media?parent=3081"}],"wp:term":[{"taxonomy":"category","embeddable":true,"href":"https:\/\/www.imovel.pt\/news\/wp-json\/wp\/v2\/categories?post=3081"},{"taxonomy":"post_tag","embeddable":true,"href":"https:\/\/www.imovel.pt\/news\/wp-json\/wp\/v2\/tags?post=3081"}],"curies":[{"name":"wp","href":"https:\/\/api.w.org\/{rel}","templated":true}]}}