{"id":3028,"date":"2023-06-24T17:55:30","date_gmt":"2023-06-24T15:55:30","guid":{"rendered":"https:\/\/www.imovel.pt\/news\/?p=3028"},"modified":"2023-06-24T17:55:30","modified_gmt":"2023-06-24T15:55:30","slug":"testamento-vital","status":"publish","type":"post","link":"https:\/\/www.imovel.pt\/news\/economia\/testamento-vital","title":{"rendered":"O que \u00e9 um Testamento Vital e por que precisas ter um"},"content":{"rendered":"<p>O testamento vital &#8211; ou as Diretivas Antecipadas de Vontade (DAV) -, foi institu\u00eddo com a publica\u00e7\u00e3o em Di\u00e1rio da Rep\u00fablica da Lei n.\u00ba 25\/2012, de 16 de julho, cuja cria\u00e7\u00e3o resulta de um trabalho desenvolvido por um conjunto de organiza\u00e7\u00f5es da sociedade civil e m\u00e9dica.<\/p>\n<p>Hoje, qualquer cidad\u00e3o nacional, estrangeiro ou refugiado, pode decidir previamente, o tratamento m\u00e9dico a receber (ou, pelo contr\u00e1rio, n\u00e3o receber), numa situa\u00e7\u00e3o em que esteja impossibilitado de decidir.<\/p>\n<p>Naturalmente, <strong>caso n\u00e3o haja testamento vital, os profissionais ir\u00e3o sempre fazer tudo o que estiver ao seu alcance para melhorar as condi\u00e7\u00f5es de sa\u00fade do cidad\u00e3o,<\/strong> no entanto, se a vontade deste for contr\u00e1ria \u00e0s pr\u00e1ticas comuns, este deve indic\u00e1-las neste documento \u2013 o DAV &#8211; para que, numa situa\u00e7\u00e3o em que n\u00e3o consiga expor a sua vontade, os profissionais tenham, mesmo assim, conhecimento. Tamb\u00e9m \u00e9 poss\u00edvel designar um Procurador de Cuidados de Sa\u00fade que tome as decis\u00f5es por ti.<\/p>\n<p><span style=\"text-decoration: underline;\"><strong>\u00cdndice de Conte\u00fados<\/strong><\/span><\/p>\n<p><span style=\"color: #ea2432;\">O que \u00e9 o Testamento Vital?<\/span><br \/>\n<span style=\"color: #ea2432;\">Como fazer um Testamento Vital?<\/span><br \/>\n<span style=\"color: #ea2432;\">Quais os documentos e requisitos necess\u00e1rios?<\/span><br \/>\n<span style=\"color: #ea2432;\">Que informa\u00e7\u00f5es deve incluir no Testamento Vital?<\/span><br \/>\n<span style=\"color: #ea2432;\">Quais os cuidados de sa\u00fade que posso optar por receber ou n\u00e3o receber?<\/span><br \/>\n<span style=\"color: #ea2432;\">Quem pode ser nomeado Procurador de Cuidados de Sa\u00fade?<\/span><br \/>\n<span style=\"color: #ea2432;\">Quem pode aceder ao Testamento Vital?<\/span><br \/>\n<span style=\"color: #ea2432;\">Por quanto tempo \u00e9 v\u00e1lido o Testamento Vital?<\/span><br \/>\n<span style=\"color: #ea2432;\">Testamento Vital pode ser impugnado por familiar?<\/span><br \/>\n<span style=\"color: #ea2432;\">\u00c9 poss\u00edvel alterar o Testamento Vital depois de registado?<\/span><\/p>\n<p>&nbsp;<\/p>\n<h2>O que \u00e9 o Testamento Vital?<\/h2>\n<p>Uma Diretiva Antecipada de Vontade (DAV), comumente designado por Testamento Vital, trata-se de um documento no qual \u00e9 manifestada a <strong>vontade consciente de um cidad\u00e3o, sobre os cuidados de sa\u00fade que deseja receber<\/strong> ou, por seu turno, n\u00e3o receber, numa situa\u00e7\u00e3o em que esteja incapaz de expressar a sua vontade autonomamente.<\/p>\n<p>Qualquer cidad\u00e3o nacional, estrangeiro ou refugiado residente em Portugal, pode proceder ao registo do seu testamento, desde que seja maior de idade e n\u00e3o se encontre interdito ou inabilitado por anomalia ps\u00edquica. \u00c9 necess\u00e1rio ter n\u00famero de utente do Servi\u00e7o Nacional de Sa\u00fade. Caso n\u00e3o tenhas, poder\u00e1s solicit\u00e1-lo em qualquer centro de sa\u00fade.<\/p>\n<p><strong>A DAV permite ainda definir um procurador de cuidados de sa\u00fade<\/strong>, a pessoa que ir\u00e1 ser chamada a decidir sobre os cuidados de sa\u00fade a receber pelo cidad\u00e3o que o nomeou. Existe a possibilidade de definir apenas o procurador de cuidados de sa\u00fade, apenas os cuidados desejados, ou ambos &#8211; procurador e cuidados desejados.<\/p>\n<p>&nbsp;<\/p>\n<h2>Como fazer um Testamento Vital?<\/h2>\n<p>O Testamento Vital faz-se atrav\u00e9s do preenchimento (a qualquer momento) de um formul\u00e1rio a ser entregue \u00e0 autoridade respons\u00e1vel pelo registo nacional do testamento vital \u2013 a <strong>RENTEV<\/strong>.<\/p>\n<p>Para realizares o teu testamento, podes dirigir-te a um dos <span style=\"text-decoration: underline;\"><a href=\"https:\/\/www.spms.min-saude.pt\/balcoes-rentev\/\" target=\"_blank\" rel=\"noopener\">balc\u00f5es RENTEV<\/a><\/span> e preencher o formul\u00e1rio na presen\u00e7a de um funcion\u00e1rio. Tamb\u00e9m podes fazer o download do <span style=\"text-decoration: underline;\"><a href=\"https:\/\/www.imovel.pt\/news\/wp-content\/uploads\/2023\/06\/Rentev_form_v0.5.pdf\" target=\"_blank\" rel=\"noopener\">modelo de formul\u00e1rio<\/a><\/span> disponibilizado pelo Minist\u00e9rio da Sa\u00fade, preench\u00ea-lo e envi\u00e1-lo por correio para um dos balc\u00f5es RENTEV \u2013 \u00e9 recomendado que seja utilizado o balc\u00e3o da \u00e1rea de resid\u00eancia. Neste \u00faltimo caso, \u00e9 obrigat\u00f3rio que a assinatura seja reconhecida por not\u00e1rio, de modo a garantir que o documento foi preenchido de acordo com a livre e esclarecida vontade do cidad\u00e3o.<\/p>\n<figure id=\"attachment_3032\" aria-describedby=\"caption-attachment-3032\" style=\"width: 1910px\" class=\"wp-caption aligncenter\"><img loading=\"lazy\" decoding=\"async\" class=\"wp-image-3032 size-full\" src=\"https:\/\/www.imovel.pt\/news\/wp-content\/uploads\/2023\/06\/Tambem-podes-fazer-o-download-do-modelo-de-formulario-disponibilizado-pelo-Ministerio-da-Saude.png\" alt=\"\" width=\"1910\" height=\"1462\" srcset=\"https:\/\/www.imovel.pt\/news\/wp-content\/uploads\/2023\/06\/Tambem-podes-fazer-o-download-do-modelo-de-formulario-disponibilizado-pelo-Ministerio-da-Saude.png 1910w, https:\/\/www.imovel.pt\/news\/wp-content\/uploads\/2023\/06\/Tambem-podes-fazer-o-download-do-modelo-de-formulario-disponibilizado-pelo-Ministerio-da-Saude-300x230.png 300w, https:\/\/www.imovel.pt\/news\/wp-content\/uploads\/2023\/06\/Tambem-podes-fazer-o-download-do-modelo-de-formulario-disponibilizado-pelo-Ministerio-da-Saude-1024x784.png 1024w, https:\/\/www.imovel.pt\/news\/wp-content\/uploads\/2023\/06\/Tambem-podes-fazer-o-download-do-modelo-de-formulario-disponibilizado-pelo-Ministerio-da-Saude-768x588.png 768w, https:\/\/www.imovel.pt\/news\/wp-content\/uploads\/2023\/06\/Tambem-podes-fazer-o-download-do-modelo-de-formulario-disponibilizado-pelo-Ministerio-da-Saude-1536x1176.png 1536w, https:\/\/www.imovel.pt\/news\/wp-content\/uploads\/2023\/06\/Tambem-podes-fazer-o-download-do-modelo-de-formulario-disponibilizado-pelo-Ministerio-da-Saude-600x459.png 600w\" sizes=\"auto, (max-width: 1910px) 100vw, 1910px\" \/><figcaption id=\"caption-attachment-3032\" class=\"wp-caption-text\">Fonte: spms.min-saude.pt<\/figcaption><\/figure>\n<p>Depois disto, segue-se a an\u00e1lise da documenta\u00e7\u00e3o por parte dos servi\u00e7os. No prazo de dez dias, o cidad\u00e3o \u00e9 informado sobre a aprova\u00e7\u00e3o ou eventuais erros ou dados em falta. Sendo o caso, disp\u00f5e de 10 dias para responder \u00e0 solicita\u00e7\u00e3o. Quando for aprovado, ser\u00e1 notificado por email ou SMS.<\/p>\n<p>O testamento vital n\u00e3o pode ser feito online, no entanto, \u00e9 poss\u00edvel aceder a este documento (depois de registado) atrav\u00e9s da <span style=\"text-decoration: underline;\"><a href=\"https:\/\/servicos.min-saude.pt\/utente\/\" target=\"_blank\" rel=\"noopener\">\u00e1rea pessoal do portal do SNS 24<\/a><\/span>.<\/p>\n<p>&nbsp;<\/p>\n<h2>Quais os documentos e requisitos necess\u00e1rios?<\/h2>\n<p>Os \u00fanicos requisitos necess\u00e1rios para o registo do testamento vital s\u00e3o:<\/p>\n<ul>\n<li>Ser cidad\u00e3o nacional, estrangeiro ou refugiado residente em Portugal;<\/li>\n<li>Ser maior de idade;<\/li>\n<li>N\u00e3o se encontrar interdito ou inabilitado por anomalia ps\u00edquica;<\/li>\n<li>Dispor de n\u00famero de utente do Servi\u00e7o Nacional de Sa\u00fade.<\/li>\n<\/ul>\n<p>Para o registo do testamento, ser\u00e1 necess\u00e1rio apresentar o j\u00e1 referido formul\u00e1rio e o documento de identifica\u00e7\u00e3o do testador, assim como os dados do procurador de cuidados de sa\u00fade que ou se deseje nomear.<\/p>\n<p>O registo do DAV <strong>n\u00e3o tem qualquer custo<\/strong>.<\/p>\n<p>&nbsp;<\/p>\n<h2>Que informa\u00e7\u00f5es inclui o Testamento Vital?<\/h2>\n<p>Aquando do preenchimento do formul\u00e1rio do Testamento Vital, para al\u00e9m dos dados pessoais, vais precisar indicar os <strong>cuidados de sa\u00fade que pretendes receber numa situa\u00e7\u00e3o-limite de vida<\/strong>, ou aquilo que n\u00e3o pretendes; assim como, efetuar a <strong>nomea\u00e7\u00e3o de um procurador de cuidados de sa\u00fade<\/strong> \u2013 se for da tua vontade -, indicando os dados pessoais deste.<\/p>\n<p>Para al\u00e9m disto, tamb\u00e9m deves <strong>indicar em que situa\u00e7\u00e3o cl\u00ednica esta Diretiva Antecipada de Vontade produz efeitos<\/strong>. Por exemplo, quando for diagnosticada uma doen\u00e7a incur\u00e1vel em fase terminal; quando existir um estado cl\u00ednico de inconsci\u00eancia irrevers\u00edvel; quando n\u00e3o existirem expectativas cl\u00ednicas de recupera\u00e7\u00e3o. Ou seja, ocorrendo uma ou mais destas situa\u00e7\u00f5es, a DAV produzir\u00e1 efeitos, e os m\u00e9dicos seguir\u00e3o a vontade expressa neste mesmo documento.<\/p>\n<p>&nbsp;<\/p>\n<h2>Quais os cuidados de sa\u00fade que posso optar por receber ou n\u00e3o receber?<\/h2>\n<p>Ao preencher o formul\u00e1rio do Testamento Vital, <strong>vais poder manifestar a tua vontade clara e inequ\u00edvoca de:<\/strong><\/p>\n<ul>\n<li>N\u00e3o ser submetido a reanima\u00e7\u00e3o cardiorrespirat\u00f3ria;<\/li>\n<li>N\u00e3o ser submetido a meios invasivos de suporte artificial de fun\u00e7\u00f5es vitais;<\/li>\n<li>N\u00e3o ser submetido a medidas de alimenta\u00e7\u00e3o e hidrata\u00e7\u00e3o artificiais que visem retardar o processo natural de morte;<\/li>\n<li>Participar em estudos de fase experimental, investiga\u00e7\u00e3o cient\u00edfica ou ensaios cl\u00ednicos;<\/li>\n<li>N\u00e3o ser submetido a tratamentos que se encontrem em fase experimental;<\/li>\n<li>Recusar a participa\u00e7\u00e3o em programas de investiga\u00e7\u00e3o cient\u00edfica ou ensaios cl\u00ednicos;<\/li>\n<li>Interromper tratamentos que se encontrem em fase experimental ou a participa\u00e7\u00e3o em programas de investiga\u00e7\u00e3o cient\u00edfica ou ensaios cl\u00ednicos, para os quais tenha dado pr\u00e9vio consentimento;<\/li>\n<li>N\u00e3o autorizar administra\u00e7\u00e3o de sangue ou derivados;<\/li>\n<li>Receber medidas paliativas, hidrata\u00e7\u00e3o oral m\u00ednima ou subcut\u00e2nea;<\/li>\n<li>Serem administrados os f\u00e1rmacos necess\u00e1rios para controlar, com efetividade, dores e outros sintomas que possam causar padecimento, ang\u00fastia ou mal-estar;<\/li>\n<li>Receber assist\u00eancia religiosa quando se decida interromper meios artificiais de vida (indicando a cren\u00e7a);<\/li>\n<li>Ter junto a ti, por tempo adequado e quando se decida interromper meios artificiais de vida, designada pessoa (indicando nome e contacto).<\/li>\n<\/ul>\n<p>Podes ainda indicar outras op\u00e7\u00f5es, num espa\u00e7o designado para o efeito.<\/p>\n<p>Temas como a doa\u00e7\u00e3o de \u00f3rg\u00e3os ou a doa\u00e7\u00e3o do corpo \u00e0 ci\u00eancia, n\u00e3o cabem no Testamento Vital. Devem ser tratados nas inst\u00e2ncias pr\u00f3prias, seja no Registo Nacional de N\u00e3o Dadores, ou nos gabinetes de doa\u00e7\u00e3o existentes nas diferentes institui\u00e7\u00f5es de investiga\u00e7\u00e3o.<\/p>\n<p>&nbsp;<\/p>\n<h2>Quem pode ser nomeado Procurador de Cuidados de Sa\u00fade?<\/h2>\n<p>Pelo que a Lei n.\u00ba 25\/2012 estabelece, n\u00e3o existe a obrigatoriedade de o procurador de cuidados de sa\u00fade ser um familiar. Qualquer pessoa pode ser procurador de cuidados de sa\u00fade, desde que n\u00e3o esteja enquadrado nas situa\u00e7\u00f5es de exce\u00e7\u00e3o previstas. <strong>N\u00e3o podem ser assim designados:<\/strong><\/p>\n<ul>\n<li>Funcion\u00e1rios do RENTEV e do Cart\u00f3rio Notarial que tenham interven\u00e7\u00e3o na DAV;<\/li>\n<li>Propriet\u00e1rios e gestores de unidades que prestem cuidados de sa\u00fade, exceto nos casos em que h\u00e1 uma rela\u00e7\u00e3o familiar com o utente testador.<\/li>\n<\/ul>\n<p><img loading=\"lazy\" decoding=\"async\" class=\"aligncenter wp-image-3035 size-full\" src=\"https:\/\/www.imovel.pt\/news\/wp-content\/uploads\/2023\/06\/Quem-pode-ser-nomeado-Procurador-de-Cuidados-de-Saude.jpg\" alt=\"testamento vital\" width=\"1203\" height=\"801\" srcset=\"https:\/\/www.imovel.pt\/news\/wp-content\/uploads\/2023\/06\/Quem-pode-ser-nomeado-Procurador-de-Cuidados-de-Saude.jpg 1203w, https:\/\/www.imovel.pt\/news\/wp-content\/uploads\/2023\/06\/Quem-pode-ser-nomeado-Procurador-de-Cuidados-de-Saude-300x200.jpg 300w, https:\/\/www.imovel.pt\/news\/wp-content\/uploads\/2023\/06\/Quem-pode-ser-nomeado-Procurador-de-Cuidados-de-Saude-1024x682.jpg 1024w, https:\/\/www.imovel.pt\/news\/wp-content\/uploads\/2023\/06\/Quem-pode-ser-nomeado-Procurador-de-Cuidados-de-Saude-768x511.jpg 768w, https:\/\/www.imovel.pt\/news\/wp-content\/uploads\/2023\/06\/Quem-pode-ser-nomeado-Procurador-de-Cuidados-de-Saude-600x400.jpg 600w\" sizes=\"auto, (max-width: 1203px) 100vw, 1203px\" \/><\/p>\n<p>&nbsp;<\/p>\n<h2>Quem pode aceder ao Testamento Vital?<\/h2>\n<p><strong>O Testamento Vital pode ser consultado por diferentes pessoas:<\/strong><\/p>\n<ul>\n<li>O pr\u00f3prio utente, atrav\u00e9s da \u00e1rea pessoal do portal do SNS ou da aplica\u00e7\u00e3o m\u00f3vel SNS 24;<\/li>\n<li>Os profissionais de sa\u00fade no \u00e2mbito da presta\u00e7\u00e3o de cuidados de sa\u00fade;<\/li>\n<li>Os funcion\u00e1rios do RENTEV e os m\u00e9dicos validadores, para verificar dados pessoais.<\/li>\n<\/ul>\n<p>Sempre que o documento for consultado, o testador recebe uma notifica\u00e7\u00e3o autom\u00e1tica, atrav\u00e9s de email ou SMS, com essa indica\u00e7\u00e3o. Trata-se de uma medida de seguran\u00e7a e privacidade que tem por objetivo alertar para o acesso indevido ao documento. Se tiver sido designado um procurador de cuidados de sa\u00fade, tamb\u00e9m este vai receber a notifica\u00e7\u00e3o.<\/p>\n<p>&nbsp;<\/p>\n<h2>Por quanto tempo \u00e9 v\u00e1lido o Testamento Vital?<\/h2>\n<p>O Testamento Vital tem a validade de <strong>5 anos<\/strong> depois de registado. Quando este prazo estiver a chegar ao fim, receber\u00e1s uma notifica\u00e7\u00e3o \u2013 60 dias e 15 dias antes -, a informar da proximidade da data. Pretendendo renovar, ou fazer um testamento diferente, deves repetir o processo, ou seja, preencher e entregar novo formul\u00e1rio num balc\u00e3o RENTEV. Se nada fizeres, o registo ser\u00e1 apagado.<\/p>\n<p>&nbsp;<\/p>\n<h2>Testamento Vital pode ser impugnado por familiar?<\/h2>\n<p><strong>Sim<\/strong>, mas para isso, o familiar ter\u00e1 que recorrer aos tribunais. A lei estipula que a vontade do doente prevalece sobre todas as outras, por isso, s\u00f3 com uma decis\u00e3o judicial ser\u00e1 poss\u00edvel suspender a efic\u00e1cia da DAV.<\/p>\n<p>&nbsp;<\/p>\n<h2>\u00c9 poss\u00edvel alterar o Testamento Vital depois de registado?<\/h2>\n<p><strong>Sim<\/strong>, o testamento vital pode ser alterado ou cancelado, a qualquer momento, pelo titular.<\/p>\n<p>&nbsp;<\/p>\n<h2>Testamento Vital \u00e9 um direito e uma escolha.<\/h2>\n<p>O testamento vital \u00e9 um <strong>direito j\u00e1 conquistado em Portugal<\/strong> que consiste em expressar os cuidados m\u00e9dicos que desejarias, ou recusarias, numa situa\u00e7\u00e3o cl\u00ednica de incapacidade em expressar a tua vontade.<\/p>\n<p>Antes de exerceres este direito, \u00e9 importante obteres aconselhamento e esclarecimento sobre o alcance das decis\u00f5es expressadas neste documento. Para isso podes debater previamente o assunto com um profissional de sa\u00fade.<\/p>\n<p>Em 2020, quase 30 mil portugueses tinham testamentos vitais ativos (dados do SNS). Trata-se de uma escolha individual; cabe a cada um de n\u00f3s tomar a decis\u00e3o de exercer este direito.<\/p>\n","protected":false},"excerpt":{"rendered":"<p>O testamento vital &#8211; ou as Diretivas Antecipadas de Vontade (DAV) -, foi institu\u00eddo com a publica\u00e7\u00e3o em Di\u00e1rio da Rep\u00fablica da Lei n.\u00ba 25\/2012, de 16 de julho, cuja cria\u00e7\u00e3o resulta de um trabalho desenvolvido por um conjunto de organiza\u00e7\u00f5es da sociedade civil e m\u00e9dica. Hoje, qualquer cidad\u00e3o nacional, estrangeiro ou refugiado, pode decidir [&hellip;]<\/p>\n","protected":false},"author":2,"featured_media":3034,"comment_status":"open","ping_status":"open","sticky":false,"template":"","format":"standard","meta":{"inline_featured_image":false,"footnotes":""},"categories":[35],"tags":[284],"class_list":["post-3028","post","type-post","status-publish","format-standard","has-post-thumbnail","hentry","category-economia","tag-testamento-vital"],"yoast_head":"<!-- This site is optimized with the Yoast SEO Premium plugin v21.9 (Yoast SEO v27.5) - https:\/\/yoast.com\/product\/yoast-seo-premium-wordpress\/ -->\n<title>O que \u00e9 um testamento vital e por que precisas ter um<\/title>\n<meta name=\"description\" content=\"O testamento vital \u00e9 um direito j\u00e1 conquistado em Portugal que consiste em expressar os cuidados m\u00e9dicos que desejarias, ou recusarias.\" \/>\n<meta name=\"robots\" content=\"index, follow, max-snippet:-1, max-image-preview:large, max-video-preview:-1\" \/>\n<link rel=\"canonical\" href=\"https:\/\/www.imovel.pt\/news\/economia\/testamento-vital\" \/>\n<meta property=\"og:locale\" content=\"pt_PT\" \/>\n<meta property=\"og:type\" content=\"article\" \/>\n<meta property=\"og:title\" content=\"O que \u00e9 um Testamento Vital e por que precisas ter um\" \/>\n<meta property=\"og:description\" content=\"O testamento vital \u00e9 um direito j\u00e1 conquistado em Portugal que consiste em expressar os cuidados m\u00e9dicos que desejarias, ou recusarias.\" \/>\n<meta property=\"og:url\" content=\"https:\/\/www.imovel.pt\/news\/economia\/testamento-vital\" \/>\n<meta property=\"og:site_name\" content=\"im\u00f3vel.pt News\" \/>\n<meta property=\"article:publisher\" content=\"https:\/\/www.facebook.com\/imovel.pt\" \/>\n<meta property=\"article:published_time\" content=\"2023-06-24T15:55:30+00:00\" \/>\n<meta property=\"og:image\" content=\"https:\/\/www.imovel.pt\/news\/wp-content\/uploads\/2023\/06\/O-que-e-um-Testamento-Vital-e-por-que-precisas-ter-um.jpg\" \/>\n\t<meta property=\"og:image:width\" content=\"1110\" \/>\n\t<meta property=\"og:image:height\" content=\"740\" \/>\n\t<meta property=\"og:image:type\" content=\"image\/jpeg\" \/>\n<meta name=\"author\" content=\"im\u00f3vel.pt\" \/>\n<meta name=\"twitter:card\" content=\"summary_large_image\" \/>\n<meta name=\"twitter:label1\" content=\"Escrito por\" \/>\n\t<meta name=\"twitter:data1\" content=\"im\u00f3vel.pt\" \/>\n\t<meta name=\"twitter:label2\" content=\"Tempo estimado de leitura\" \/>\n\t<meta name=\"twitter:data2\" content=\"9 minutos\" \/>\n<script type=\"application\/ld+json\" class=\"yoast-schema-graph\">{\"@context\":\"https:\\\/\\\/schema.org\",\"@graph\":[{\"@type\":\"Article\",\"@id\":\"https:\\\/\\\/www.imovel.pt\\\/news\\\/economia\\\/testamento-vital#article\",\"isPartOf\":{\"@id\":\"https:\\\/\\\/www.imovel.pt\\\/news\\\/economia\\\/testamento-vital\"},\"author\":{\"name\":\"im\u00f3vel.pt\",\"@id\":\"https:\\\/\\\/www.imovel.pt\\\/news\\\/#\\\/schema\\\/person\\\/5d403e48cef3333473719d7916dc7ae4\"},\"headline\":\"O que \u00e9 um Testamento Vital e por que precisas ter um\",\"datePublished\":\"2023-06-24T15:55:30+00:00\",\"mainEntityOfPage\":{\"@id\":\"https:\\\/\\\/www.imovel.pt\\\/news\\\/economia\\\/testamento-vital\"},\"wordCount\":1717,\"commentCount\":0,\"publisher\":{\"@id\":\"https:\\\/\\\/www.imovel.pt\\\/news\\\/#organization\"},\"image\":{\"@id\":\"https:\\\/\\\/www.imovel.pt\\\/news\\\/economia\\\/testamento-vital#primaryimage\"},\"thumbnailUrl\":\"https:\\\/\\\/www.imovel.pt\\\/news\\\/wp-content\\\/uploads\\\/2023\\\/06\\\/O-que-e-um-Testamento-Vital-e-por-que-precisas-ter-um.jpg\",\"keywords\":[\"Testamento Vital\"],\"articleSection\":[\"Economia\"],\"inLanguage\":\"pt-PT\",\"potentialAction\":[{\"@type\":\"CommentAction\",\"name\":\"Comment\",\"target\":[\"https:\\\/\\\/www.imovel.pt\\\/news\\\/economia\\\/testamento-vital#respond\"]}]},{\"@type\":\"WebPage\",\"@id\":\"https:\\\/\\\/www.imovel.pt\\\/news\\\/economia\\\/testamento-vital\",\"url\":\"https:\\\/\\\/www.imovel.pt\\\/news\\\/economia\\\/testamento-vital\",\"name\":\"O que \u00e9 um testamento vital e por que precisas ter um\",\"isPartOf\":{\"@id\":\"https:\\\/\\\/www.imovel.pt\\\/news\\\/#website\"},\"primaryImageOfPage\":{\"@id\":\"https:\\\/\\\/www.imovel.pt\\\/news\\\/economia\\\/testamento-vital#primaryimage\"},\"image\":{\"@id\":\"https:\\\/\\\/www.imovel.pt\\\/news\\\/economia\\\/testamento-vital#primaryimage\"},\"thumbnailUrl\":\"https:\\\/\\\/www.imovel.pt\\\/news\\\/wp-content\\\/uploads\\\/2023\\\/06\\\/O-que-e-um-Testamento-Vital-e-por-que-precisas-ter-um.jpg\",\"datePublished\":\"2023-06-24T15:55:30+00:00\",\"description\":\"O testamento vital \u00e9 um direito j\u00e1 conquistado em Portugal que consiste em expressar os cuidados m\u00e9dicos que desejarias, ou recusarias.\",\"breadcrumb\":{\"@id\":\"https:\\\/\\\/www.imovel.pt\\\/news\\\/economia\\\/testamento-vital#breadcrumb\"},\"inLanguage\":\"pt-PT\",\"potentialAction\":[{\"@type\":\"ReadAction\",\"target\":[\"https:\\\/\\\/www.imovel.pt\\\/news\\\/economia\\\/testamento-vital\"]}]},{\"@type\":\"ImageObject\",\"inLanguage\":\"pt-PT\",\"@id\":\"https:\\\/\\\/www.imovel.pt\\\/news\\\/economia\\\/testamento-vital#primaryimage\",\"url\":\"https:\\\/\\\/www.imovel.pt\\\/news\\\/wp-content\\\/uploads\\\/2023\\\/06\\\/O-que-e-um-Testamento-Vital-e-por-que-precisas-ter-um.jpg\",\"contentUrl\":\"https:\\\/\\\/www.imovel.pt\\\/news\\\/wp-content\\\/uploads\\\/2023\\\/06\\\/O-que-e-um-Testamento-Vital-e-por-que-precisas-ter-um.jpg\",\"width\":1110,\"height\":740},{\"@type\":\"BreadcrumbList\",\"@id\":\"https:\\\/\\\/www.imovel.pt\\\/news\\\/economia\\\/testamento-vital#breadcrumb\",\"itemListElement\":[{\"@type\":\"ListItem\",\"position\":1,\"name\":\"In\u00edcio\",\"item\":\"https:\\\/\\\/www.imovel.pt\\\/news\"},{\"@type\":\"ListItem\",\"position\":2,\"name\":\"O que \u00e9 um Testamento Vital e por que precisas ter um\"}]},{\"@type\":\"WebSite\",\"@id\":\"https:\\\/\\\/www.imovel.pt\\\/news\\\/#website\",\"url\":\"https:\\\/\\\/www.imovel.pt\\\/news\\\/\",\"name\":\"im\u00f3vel.pt News\",\"description\":\"Dicas e Not\u00edcias sobre o mundo do mercado imobili\u00e1rio\",\"publisher\":{\"@id\":\"https:\\\/\\\/www.imovel.pt\\\/news\\\/#organization\"},\"alternateName\":\"im\u00f3vel.pt News\",\"potentialAction\":[{\"@type\":\"SearchAction\",\"target\":{\"@type\":\"EntryPoint\",\"urlTemplate\":\"https:\\\/\\\/www.imovel.pt\\\/news\\\/?s={search_term_string}\"},\"query-input\":{\"@type\":\"PropertyValueSpecification\",\"valueRequired\":true,\"valueName\":\"search_term_string\"}}],\"inLanguage\":\"pt-PT\"},{\"@type\":\"Organization\",\"@id\":\"https:\\\/\\\/www.imovel.pt\\\/news\\\/#organization\",\"name\":\"im\u00f3vel.pt News\",\"alternateName\":\"im\u00f3vel.pt News\",\"url\":\"https:\\\/\\\/www.imovel.pt\\\/news\\\/\",\"logo\":{\"@type\":\"ImageObject\",\"inLanguage\":\"pt-PT\",\"@id\":\"https:\\\/\\\/www.imovel.pt\\\/news\\\/#\\\/schema\\\/logo\\\/image\\\/\",\"url\":\"https:\\\/\\\/www.imovel.pt\\\/news\\\/wp-content\\\/uploads\\\/2022\\\/07\\\/logo-imovel.pt_.svg\",\"contentUrl\":\"https:\\\/\\\/www.imovel.pt\\\/news\\\/wp-content\\\/uploads\\\/2022\\\/07\\\/logo-imovel.pt_.svg\",\"width\":212,\"height\":57,\"caption\":\"im\u00f3vel.pt News\"},\"image\":{\"@id\":\"https:\\\/\\\/www.imovel.pt\\\/news\\\/#\\\/schema\\\/logo\\\/image\\\/\"},\"sameAs\":[\"https:\\\/\\\/www.facebook.com\\\/imovel.pt\",\"https:\\\/\\\/www.instagram.com\\\/imovel.pt\\\/\",\"https:\\\/\\\/www.tiktok.com\\\/@imovel.pt\"]},{\"@type\":\"Person\",\"@id\":\"https:\\\/\\\/www.imovel.pt\\\/news\\\/#\\\/schema\\\/person\\\/5d403e48cef3333473719d7916dc7ae4\",\"name\":\"im\u00f3vel.pt\",\"image\":{\"@type\":\"ImageObject\",\"inLanguage\":\"pt-PT\",\"@id\":\"https:\\\/\\\/www.imovel.pt\\\/news\\\/wp-content\\\/uploads\\\/2022\\\/07\\\/cropped-cropped-imovel.pt2_-96x96.jpg\",\"url\":\"https:\\\/\\\/www.imovel.pt\\\/news\\\/wp-content\\\/uploads\\\/2022\\\/07\\\/cropped-cropped-imovel.pt2_-96x96.jpg\",\"contentUrl\":\"https:\\\/\\\/www.imovel.pt\\\/news\\\/wp-content\\\/uploads\\\/2022\\\/07\\\/cropped-cropped-imovel.pt2_-96x96.jpg\",\"caption\":\"im\u00f3vel.pt\"}}]}<\/script>\n<!-- \/ Yoast SEO Premium plugin. -->","yoast_head_json":{"title":"O que \u00e9 um testamento vital e por que precisas ter um","description":"O testamento vital \u00e9 um direito j\u00e1 conquistado em Portugal que consiste em expressar os cuidados m\u00e9dicos que desejarias, ou recusarias.","robots":{"index":"index","follow":"follow","max-snippet":"max-snippet:-1","max-image-preview":"max-image-preview:large","max-video-preview":"max-video-preview:-1"},"canonical":"https:\/\/www.imovel.pt\/news\/economia\/testamento-vital","og_locale":"pt_PT","og_type":"article","og_title":"O que \u00e9 um Testamento Vital e por que precisas ter um","og_description":"O testamento vital \u00e9 um direito j\u00e1 conquistado em Portugal que consiste em expressar os cuidados m\u00e9dicos que desejarias, ou recusarias.","og_url":"https:\/\/www.imovel.pt\/news\/economia\/testamento-vital","og_site_name":"im\u00f3vel.pt News","article_publisher":"https:\/\/www.facebook.com\/imovel.pt","article_published_time":"2023-06-24T15:55:30+00:00","og_image":[{"width":1110,"height":740,"url":"https:\/\/www.imovel.pt\/news\/wp-content\/uploads\/2023\/06\/O-que-e-um-Testamento-Vital-e-por-que-precisas-ter-um.jpg","type":"image\/jpeg"}],"author":"im\u00f3vel.pt","twitter_card":"summary_large_image","twitter_misc":{"Escrito por":"im\u00f3vel.pt","Tempo estimado de leitura":"9 minutos"},"schema":{"@context":"https:\/\/schema.org","@graph":[{"@type":"Article","@id":"https:\/\/www.imovel.pt\/news\/economia\/testamento-vital#article","isPartOf":{"@id":"https:\/\/www.imovel.pt\/news\/economia\/testamento-vital"},"author":{"name":"im\u00f3vel.pt","@id":"https:\/\/www.imovel.pt\/news\/#\/schema\/person\/5d403e48cef3333473719d7916dc7ae4"},"headline":"O que \u00e9 um Testamento Vital e por que precisas ter um","datePublished":"2023-06-24T15:55:30+00:00","mainEntityOfPage":{"@id":"https:\/\/www.imovel.pt\/news\/economia\/testamento-vital"},"wordCount":1717,"commentCount":0,"publisher":{"@id":"https:\/\/www.imovel.pt\/news\/#organization"},"image":{"@id":"https:\/\/www.imovel.pt\/news\/economia\/testamento-vital#primaryimage"},"thumbnailUrl":"https:\/\/www.imovel.pt\/news\/wp-content\/uploads\/2023\/06\/O-que-e-um-Testamento-Vital-e-por-que-precisas-ter-um.jpg","keywords":["Testamento Vital"],"articleSection":["Economia"],"inLanguage":"pt-PT","potentialAction":[{"@type":"CommentAction","name":"Comment","target":["https:\/\/www.imovel.pt\/news\/economia\/testamento-vital#respond"]}]},{"@type":"WebPage","@id":"https:\/\/www.imovel.pt\/news\/economia\/testamento-vital","url":"https:\/\/www.imovel.pt\/news\/economia\/testamento-vital","name":"O que \u00e9 um testamento vital e por que precisas ter um","isPartOf":{"@id":"https:\/\/www.imovel.pt\/news\/#website"},"primaryImageOfPage":{"@id":"https:\/\/www.imovel.pt\/news\/economia\/testamento-vital#primaryimage"},"image":{"@id":"https:\/\/www.imovel.pt\/news\/economia\/testamento-vital#primaryimage"},"thumbnailUrl":"https:\/\/www.imovel.pt\/news\/wp-content\/uploads\/2023\/06\/O-que-e-um-Testamento-Vital-e-por-que-precisas-ter-um.jpg","datePublished":"2023-06-24T15:55:30+00:00","description":"O testamento vital \u00e9 um direito j\u00e1 conquistado em Portugal que consiste em expressar os cuidados m\u00e9dicos que desejarias, ou recusarias.","breadcrumb":{"@id":"https:\/\/www.imovel.pt\/news\/economia\/testamento-vital#breadcrumb"},"inLanguage":"pt-PT","potentialAction":[{"@type":"ReadAction","target":["https:\/\/www.imovel.pt\/news\/economia\/testamento-vital"]}]},{"@type":"ImageObject","inLanguage":"pt-PT","@id":"https:\/\/www.imovel.pt\/news\/economia\/testamento-vital#primaryimage","url":"https:\/\/www.imovel.pt\/news\/wp-content\/uploads\/2023\/06\/O-que-e-um-Testamento-Vital-e-por-que-precisas-ter-um.jpg","contentUrl":"https:\/\/www.imovel.pt\/news\/wp-content\/uploads\/2023\/06\/O-que-e-um-Testamento-Vital-e-por-que-precisas-ter-um.jpg","width":1110,"height":740},{"@type":"BreadcrumbList","@id":"https:\/\/www.imovel.pt\/news\/economia\/testamento-vital#breadcrumb","itemListElement":[{"@type":"ListItem","position":1,"name":"In\u00edcio","item":"https:\/\/www.imovel.pt\/news"},{"@type":"ListItem","position":2,"name":"O que \u00e9 um Testamento Vital e por que precisas ter um"}]},{"@type":"WebSite","@id":"https:\/\/www.imovel.pt\/news\/#website","url":"https:\/\/www.imovel.pt\/news\/","name":"im\u00f3vel.pt News","description":"Dicas e Not\u00edcias sobre o mundo do mercado imobili\u00e1rio","publisher":{"@id":"https:\/\/www.imovel.pt\/news\/#organization"},"alternateName":"im\u00f3vel.pt News","potentialAction":[{"@type":"SearchAction","target":{"@type":"EntryPoint","urlTemplate":"https:\/\/www.imovel.pt\/news\/?s={search_term_string}"},"query-input":{"@type":"PropertyValueSpecification","valueRequired":true,"valueName":"search_term_string"}}],"inLanguage":"pt-PT"},{"@type":"Organization","@id":"https:\/\/www.imovel.pt\/news\/#organization","name":"im\u00f3vel.pt News","alternateName":"im\u00f3vel.pt News","url":"https:\/\/www.imovel.pt\/news\/","logo":{"@type":"ImageObject","inLanguage":"pt-PT","@id":"https:\/\/www.imovel.pt\/news\/#\/schema\/logo\/image\/","url":"https:\/\/www.imovel.pt\/news\/wp-content\/uploads\/2022\/07\/logo-imovel.pt_.svg","contentUrl":"https:\/\/www.imovel.pt\/news\/wp-content\/uploads\/2022\/07\/logo-imovel.pt_.svg","width":212,"height":57,"caption":"im\u00f3vel.pt News"},"image":{"@id":"https:\/\/www.imovel.pt\/news\/#\/schema\/logo\/image\/"},"sameAs":["https:\/\/www.facebook.com\/imovel.pt","https:\/\/www.instagram.com\/imovel.pt\/","https:\/\/www.tiktok.com\/@imovel.pt"]},{"@type":"Person","@id":"https:\/\/www.imovel.pt\/news\/#\/schema\/person\/5d403e48cef3333473719d7916dc7ae4","name":"im\u00f3vel.pt","image":{"@type":"ImageObject","inLanguage":"pt-PT","@id":"https:\/\/www.imovel.pt\/news\/wp-content\/uploads\/2022\/07\/cropped-cropped-imovel.pt2_-96x96.jpg","url":"https:\/\/www.imovel.pt\/news\/wp-content\/uploads\/2022\/07\/cropped-cropped-imovel.pt2_-96x96.jpg","contentUrl":"https:\/\/www.imovel.pt\/news\/wp-content\/uploads\/2022\/07\/cropped-cropped-imovel.pt2_-96x96.jpg","caption":"im\u00f3vel.pt"}}]}},"_links":{"self":[{"href":"https:\/\/www.imovel.pt\/news\/wp-json\/wp\/v2\/posts\/3028","targetHints":{"allow":["GET"]}}],"collection":[{"href":"https:\/\/www.imovel.pt\/news\/wp-json\/wp\/v2\/posts"}],"about":[{"href":"https:\/\/www.imovel.pt\/news\/wp-json\/wp\/v2\/types\/post"}],"author":[{"embeddable":true,"href":"https:\/\/www.imovel.pt\/news\/wp-json\/wp\/v2\/users\/2"}],"replies":[{"embeddable":true,"href":"https:\/\/www.imovel.pt\/news\/wp-json\/wp\/v2\/comments?post=3028"}],"version-history":[{"count":4,"href":"https:\/\/www.imovel.pt\/news\/wp-json\/wp\/v2\/posts\/3028\/revisions"}],"predecessor-version":[{"id":3036,"href":"https:\/\/www.imovel.pt\/news\/wp-json\/wp\/v2\/posts\/3028\/revisions\/3036"}],"wp:featuredmedia":[{"embeddable":true,"href":"https:\/\/www.imovel.pt\/news\/wp-json\/wp\/v2\/media\/3034"}],"wp:attachment":[{"href":"https:\/\/www.imovel.pt\/news\/wp-json\/wp\/v2\/media?parent=3028"}],"wp:term":[{"taxonomy":"category","embeddable":true,"href":"https:\/\/www.imovel.pt\/news\/wp-json\/wp\/v2\/categories?post=3028"},{"taxonomy":"post_tag","embeddable":true,"href":"https:\/\/www.imovel.pt\/news\/wp-json\/wp\/v2\/tags?post=3028"}],"curies":[{"name":"wp","href":"https:\/\/api.w.org\/{rel}","templated":true}]}}