{"id":2920,"date":"2023-03-28T19:45:29","date_gmt":"2023-03-28T17:45:29","guid":{"rendered":"https:\/\/www.imovel.pt\/news\/?p=2920"},"modified":"2023-03-28T20:03:42","modified_gmt":"2023-03-28T18:03:42","slug":"euribor-a-3-meses-baixa-e-a-6-e-12-meses-sobe","status":"publish","type":"post","link":"https:\/\/www.imovel.pt\/news\/financas\/euribor-a-3-meses-baixa-e-a-6-e-12-meses-sobe","title":{"rendered":"Euribor a 3 meses baixa e a 6 e 12 meses sobe"},"content":{"rendered":"<p>Desde 4 de fevereiro de 2022, as taxas EURIBOR come\u00e7aram a subir significativamente. <strong>Esta ter\u00e7a-feira, regista-se uma nova subida da Euribor a seis e 12 meses, mas em oposi\u00e7\u00e3o, a Euribor a tr\u00eas meses baixa.<\/strong><\/p>\n<p>Depois de o Banco Central Europeu (BCE) ter admitido que poderia subir as taxas de infla\u00e7\u00e3o diretoras devido ao aumento da infla\u00e7\u00e3o na zona euro, cuja tend\u00eancia foi refor\u00e7ada pelo in\u00edcio do conflito Ucr\u00e2nia-R\u00fassia em fevereiro de 2022.<\/p>\n<p>Na \u00faltima reuni\u00e3o de pol\u00edtica monet\u00e1ria do BCE, as taxas de juro diretoras subiram 50 pontos base, um acr\u00e9scimo igual ao efetuado em 2 de fevereiro e 15 de dezembro, quando se verificou um desacelerar do ritmo das subidas em rela\u00e7\u00e3o \u00e0s duas registadas anteriormente que foram de 75 pontos base.<\/p>\n<p>Pela primeira vez em 11 anos, o BCE aumentou, em 50 pontos base, as tr\u00eas taxas de juro diretoras.<\/p>\n<p>&nbsp;<\/p>\n<h2>EURIBOR a 3 meses baixa<\/h2>\n<p>Em sentido oposto ao que se tem observado, a EURIBOR a tr\u00eas meses, que desde julho passado, entrou em valores positivos, veio agora a baixar ao ser fixada em 2,990%, contra o novo m\u00e1ximo desde dezembro de 2008, de 3,025%, registado em 24 de mar\u00e7o.<\/p>\n<p>A taxa EURIBOR a tr\u00eas meses esteve negativa durante sete anos e dois meses, entre 21 de abril de 2015 e 13 de julho de 2022.<\/p>\n<p>A m\u00e9dia da EURIBOR a tr\u00eas meses subiu de 2,354% (dados de janeiro) para 2,640% (dados de fevereiro), ou seja, um acr\u00e9scimo de 0,286 pontos percentuais.<\/p>\n<p>&nbsp;<\/p>\n<h2>EURIBOR a 6 meses sobe para 3,269%<\/h2>\n<p>A EURIBOR, que entrou em terreno positivo a 6 de junho passado, subiu para 3,269% no prazo de seis meses, contra o m\u00e1ximo de 3,461% verificado a 9 de mar\u00e7o.<\/p>\n<p>A EURIBOR a 6 meses esteve negativa entre 6 de novembro de 2015 e 3 de junho de 2022 (seis anos e sete meses).<\/p>\n<p>A m\u00e9dia da EURIBOR a seis meses subiu mais 0,271 pontos, de 2,864% (janeiro) para 3,135% (fevereiro).<\/p>\n<p>&nbsp;<\/p>\n<h2>EURIBOR a 12 meses sobe<\/h2>\n<p>A taxa EURIBOR a 12 meses \u00e9 a mais utilizada em Portugal nos <span style=\"text-decoration: underline;\"><a href=\"https:\/\/www.imovel.pt\/credito-habitacao\/\">cr\u00e9ditos \u00e0 habita\u00e7\u00e3o<\/a><\/span> com taxa vari\u00e1vel. Esta ter\u00e7a-feira, registou uma subida ao ser fixada em 3,542% contra o m\u00e1ximo de 3,978% desde novembro de 2008.<\/p>\n<p>Ap\u00f3s ter disparado para 0,005% em abril de 2022 \u2013 positiva pela primeira vez desde fevereiro de 2016 -, a EURIBOR a 12 meses est\u00e1 em terreno positivo desde ent\u00e3o. A m\u00e9dia da EURIBOR a 12 meses passou de 3,338% em janeiro para 3,534% em fevereiro.<\/p>\n<p>Segundo dados do Banco de Portugal, a <span style=\"text-decoration: underline;\"><a href=\"https:\/\/www.imovel.pt\/news\/financas\/euribor\">EURIBOR<\/a><\/span> a 12 meses representa 43% dos <a href=\"https:\/\/www.imovel.pt\/credito-habitacao\/\"><span style=\"text-decoration: underline;\">cr\u00e9ditos \u00e0 habita\u00e7\u00e3o<\/span><\/a> com <span style=\"text-decoration: underline;\"><a href=\"https:\/\/www.imovel.pt\/news\/imobiliario\/taxa-fixa-ou-variavel\/\">taxa vari\u00e1vel<\/a><\/span>, enquanto a EURIBOR a 6 meses representa 32%.<\/p>\n<p>_<\/p>\n<p>Fonte: <span style=\"text-decoration: underline;\"><a href=\"https:\/\/sicnoticias.pt\/economia\/2023-03-28-Euribor-cai-a-tres-meses-e-sobe-a-seis-e-12-meses-230e52c6\" target=\"_blank\" rel=\"noopener\">SIC Not\u00edcias<\/a><\/span><\/p>\n","protected":false},"excerpt":{"rendered":"<p>Desde 4 de fevereiro de 2022, as taxas EURIBOR come\u00e7aram a subir significativamente. Esta ter\u00e7a-feira, regista-se uma nova subida da Euribor a seis e 12 meses, mas em oposi\u00e7\u00e3o, a Euribor a tr\u00eas meses baixa. Depois de o Banco Central Europeu (BCE) ter admitido que poderia subir as taxas de infla\u00e7\u00e3o diretoras devido ao aumento [&hellip;]<\/p>\n","protected":false},"author":2,"featured_media":2928,"comment_status":"open","ping_status":"open","sticky":false,"template":"","format":"standard","meta":{"inline_featured_image":false,"footnotes":""},"categories":[149],"tags":[47,174],"class_list":["post-2920","post","type-post","status-publish","format-standard","has-post-thumbnail","hentry","category-financas","tag-credito-habitacao","tag-euribor"],"yoast_head":"<!-- This site is optimized with the Yoast SEO Premium plugin v21.9 (Yoast SEO v27.5) - https:\/\/yoast.com\/product\/yoast-seo-premium-wordpress\/ -->\n<title>Euribor a 3 meses baixa e a 6 e 12 meses sobe - im\u00f3vel.pt News<\/title>\n<meta name=\"description\" content=\"Esta ter\u00e7a-feira, regista-se uma nova subida da Euribor a seis e 12 meses, mas em oposi\u00e7\u00e3o, a Euribor a tr\u00eas meses baixa.\" \/>\n<meta name=\"robots\" content=\"index, follow, max-snippet:-1, max-image-preview:large, max-video-preview:-1\" \/>\n<link rel=\"canonical\" href=\"https:\/\/www.imovel.pt\/news\/financas\/euribor-a-3-meses-baixa-e-a-6-e-12-meses-sobe\" \/>\n<meta property=\"og:locale\" content=\"pt_PT\" \/>\n<meta property=\"og:type\" content=\"article\" \/>\n<meta property=\"og:title\" content=\"Euribor a 3 meses baixa e a 6 e 12 meses sobe\" \/>\n<meta property=\"og:description\" content=\"Esta ter\u00e7a-feira, regista-se uma nova subida da Euribor a seis e 12 meses, mas em oposi\u00e7\u00e3o, a Euribor a tr\u00eas meses baixa.\" \/>\n<meta property=\"og:url\" content=\"https:\/\/www.imovel.pt\/news\/financas\/euribor-a-3-meses-baixa-e-a-6-e-12-meses-sobe\" \/>\n<meta property=\"og:site_name\" content=\"im\u00f3vel.pt News\" \/>\n<meta property=\"article:publisher\" content=\"https:\/\/www.facebook.com\/imovel.pt\" \/>\n<meta property=\"article:published_time\" content=\"2023-03-28T17:45:29+00:00\" \/>\n<meta property=\"article:modified_time\" content=\"2023-03-28T18:03:42+00:00\" \/>\n<meta property=\"og:image\" content=\"https:\/\/www.imovel.pt\/news\/wp-content\/uploads\/2023\/03\/Esta-terca-feira-regista-se-uma-nova-subida-da-Euribor-a-seis-e-12-meses-mas-em-oposicao-a-Euribor-a-tres-meses-baixa..jpg\" \/>\n\t<meta property=\"og:image:width\" content=\"1203\" \/>\n\t<meta property=\"og:image:height\" content=\"801\" \/>\n\t<meta property=\"og:image:type\" content=\"image\/jpeg\" \/>\n<meta name=\"author\" content=\"im\u00f3vel.pt\" \/>\n<meta name=\"twitter:card\" content=\"summary_large_image\" \/>\n<meta name=\"twitter:label1\" content=\"Escrito por\" \/>\n\t<meta name=\"twitter:data1\" content=\"im\u00f3vel.pt\" \/>\n\t<meta name=\"twitter:label2\" content=\"Tempo estimado de leitura\" \/>\n\t<meta name=\"twitter:data2\" content=\"3 minutos\" \/>\n<script type=\"application\/ld+json\" class=\"yoast-schema-graph\">{\"@context\":\"https:\\\/\\\/schema.org\",\"@graph\":[{\"@type\":\"Article\",\"@id\":\"https:\\\/\\\/www.imovel.pt\\\/news\\\/financas\\\/euribor-a-3-meses-baixa-e-a-6-e-12-meses-sobe#article\",\"isPartOf\":{\"@id\":\"https:\\\/\\\/www.imovel.pt\\\/news\\\/financas\\\/euribor-a-3-meses-baixa-e-a-6-e-12-meses-sobe\"},\"author\":{\"name\":\"im\u00f3vel.pt\",\"@id\":\"https:\\\/\\\/www.imovel.pt\\\/news\\\/#\\\/schema\\\/person\\\/5d403e48cef3333473719d7916dc7ae4\"},\"headline\":\"Euribor a 3 meses baixa e a 6 e 12 meses sobe\",\"datePublished\":\"2023-03-28T17:45:29+00:00\",\"dateModified\":\"2023-03-28T18:03:42+00:00\",\"mainEntityOfPage\":{\"@id\":\"https:\\\/\\\/www.imovel.pt\\\/news\\\/financas\\\/euribor-a-3-meses-baixa-e-a-6-e-12-meses-sobe\"},\"wordCount\":438,\"commentCount\":0,\"publisher\":{\"@id\":\"https:\\\/\\\/www.imovel.pt\\\/news\\\/#organization\"},\"image\":{\"@id\":\"https:\\\/\\\/www.imovel.pt\\\/news\\\/financas\\\/euribor-a-3-meses-baixa-e-a-6-e-12-meses-sobe#primaryimage\"},\"thumbnailUrl\":\"https:\\\/\\\/www.imovel.pt\\\/news\\\/wp-content\\\/uploads\\\/2023\\\/03\\\/Esta-terca-feira-regista-se-uma-nova-subida-da-Euribor-a-seis-e-12-meses-mas-em-oposicao-a-Euribor-a-tres-meses-baixa..jpg\",\"keywords\":[\"Cr\u00e9dito Habita\u00e7\u00e3o\",\"Euribor\"],\"articleSection\":[\"Finan\u00e7as\"],\"inLanguage\":\"pt-PT\",\"potentialAction\":[{\"@type\":\"CommentAction\",\"name\":\"Comment\",\"target\":[\"https:\\\/\\\/www.imovel.pt\\\/news\\\/financas\\\/euribor-a-3-meses-baixa-e-a-6-e-12-meses-sobe#respond\"]}]},{\"@type\":\"WebPage\",\"@id\":\"https:\\\/\\\/www.imovel.pt\\\/news\\\/financas\\\/euribor-a-3-meses-baixa-e-a-6-e-12-meses-sobe\",\"url\":\"https:\\\/\\\/www.imovel.pt\\\/news\\\/financas\\\/euribor-a-3-meses-baixa-e-a-6-e-12-meses-sobe\",\"name\":\"Euribor a 3 meses baixa e a 6 e 12 meses sobe - im\u00f3vel.pt News\",\"isPartOf\":{\"@id\":\"https:\\\/\\\/www.imovel.pt\\\/news\\\/#website\"},\"primaryImageOfPage\":{\"@id\":\"https:\\\/\\\/www.imovel.pt\\\/news\\\/financas\\\/euribor-a-3-meses-baixa-e-a-6-e-12-meses-sobe#primaryimage\"},\"image\":{\"@id\":\"https:\\\/\\\/www.imovel.pt\\\/news\\\/financas\\\/euribor-a-3-meses-baixa-e-a-6-e-12-meses-sobe#primaryimage\"},\"thumbnailUrl\":\"https:\\\/\\\/www.imovel.pt\\\/news\\\/wp-content\\\/uploads\\\/2023\\\/03\\\/Esta-terca-feira-regista-se-uma-nova-subida-da-Euribor-a-seis-e-12-meses-mas-em-oposicao-a-Euribor-a-tres-meses-baixa..jpg\",\"datePublished\":\"2023-03-28T17:45:29+00:00\",\"dateModified\":\"2023-03-28T18:03:42+00:00\",\"description\":\"Esta ter\u00e7a-feira, regista-se uma nova subida da Euribor a seis e 12 meses, mas em oposi\u00e7\u00e3o, a Euribor a tr\u00eas meses baixa.\",\"breadcrumb\":{\"@id\":\"https:\\\/\\\/www.imovel.pt\\\/news\\\/financas\\\/euribor-a-3-meses-baixa-e-a-6-e-12-meses-sobe#breadcrumb\"},\"inLanguage\":\"pt-PT\",\"potentialAction\":[{\"@type\":\"ReadAction\",\"target\":[\"https:\\\/\\\/www.imovel.pt\\\/news\\\/financas\\\/euribor-a-3-meses-baixa-e-a-6-e-12-meses-sobe\"]}]},{\"@type\":\"ImageObject\",\"inLanguage\":\"pt-PT\",\"@id\":\"https:\\\/\\\/www.imovel.pt\\\/news\\\/financas\\\/euribor-a-3-meses-baixa-e-a-6-e-12-meses-sobe#primaryimage\",\"url\":\"https:\\\/\\\/www.imovel.pt\\\/news\\\/wp-content\\\/uploads\\\/2023\\\/03\\\/Esta-terca-feira-regista-se-uma-nova-subida-da-Euribor-a-seis-e-12-meses-mas-em-oposicao-a-Euribor-a-tres-meses-baixa..jpg\",\"contentUrl\":\"https:\\\/\\\/www.imovel.pt\\\/news\\\/wp-content\\\/uploads\\\/2023\\\/03\\\/Esta-terca-feira-regista-se-uma-nova-subida-da-Euribor-a-seis-e-12-meses-mas-em-oposicao-a-Euribor-a-tres-meses-baixa..jpg\",\"width\":1203,\"height\":801,\"caption\":\"Euribor a tr\u00eas meses baixa e a 6 e 12 meses sobe\"},{\"@type\":\"BreadcrumbList\",\"@id\":\"https:\\\/\\\/www.imovel.pt\\\/news\\\/financas\\\/euribor-a-3-meses-baixa-e-a-6-e-12-meses-sobe#breadcrumb\",\"itemListElement\":[{\"@type\":\"ListItem\",\"position\":1,\"name\":\"In\u00edcio\",\"item\":\"https:\\\/\\\/www.imovel.pt\\\/news\"},{\"@type\":\"ListItem\",\"position\":2,\"name\":\"Euribor a 3 meses baixa e a 6 e 12 meses sobe\"}]},{\"@type\":\"WebSite\",\"@id\":\"https:\\\/\\\/www.imovel.pt\\\/news\\\/#website\",\"url\":\"https:\\\/\\\/www.imovel.pt\\\/news\\\/\",\"name\":\"im\u00f3vel.pt News\",\"description\":\"Dicas e Not\u00edcias sobre o mundo do mercado imobili\u00e1rio\",\"publisher\":{\"@id\":\"https:\\\/\\\/www.imovel.pt\\\/news\\\/#organization\"},\"alternateName\":\"im\u00f3vel.pt News\",\"potentialAction\":[{\"@type\":\"SearchAction\",\"target\":{\"@type\":\"EntryPoint\",\"urlTemplate\":\"https:\\\/\\\/www.imovel.pt\\\/news\\\/?s={search_term_string}\"},\"query-input\":{\"@type\":\"PropertyValueSpecification\",\"valueRequired\":true,\"valueName\":\"search_term_string\"}}],\"inLanguage\":\"pt-PT\"},{\"@type\":\"Organization\",\"@id\":\"https:\\\/\\\/www.imovel.pt\\\/news\\\/#organization\",\"name\":\"im\u00f3vel.pt News\",\"alternateName\":\"im\u00f3vel.pt News\",\"url\":\"https:\\\/\\\/www.imovel.pt\\\/news\\\/\",\"logo\":{\"@type\":\"ImageObject\",\"inLanguage\":\"pt-PT\",\"@id\":\"https:\\\/\\\/www.imovel.pt\\\/news\\\/#\\\/schema\\\/logo\\\/image\\\/\",\"url\":\"https:\\\/\\\/www.imovel.pt\\\/news\\\/wp-content\\\/uploads\\\/2022\\\/07\\\/logo-imovel.pt_.svg\",\"contentUrl\":\"https:\\\/\\\/www.imovel.pt\\\/news\\\/wp-content\\\/uploads\\\/2022\\\/07\\\/logo-imovel.pt_.svg\",\"width\":212,\"height\":57,\"caption\":\"im\u00f3vel.pt News\"},\"image\":{\"@id\":\"https:\\\/\\\/www.imovel.pt\\\/news\\\/#\\\/schema\\\/logo\\\/image\\\/\"},\"sameAs\":[\"https:\\\/\\\/www.facebook.com\\\/imovel.pt\",\"https:\\\/\\\/www.instagram.com\\\/imovel.pt\\\/\",\"https:\\\/\\\/www.tiktok.com\\\/@imovel.pt\"]},{\"@type\":\"Person\",\"@id\":\"https:\\\/\\\/www.imovel.pt\\\/news\\\/#\\\/schema\\\/person\\\/5d403e48cef3333473719d7916dc7ae4\",\"name\":\"im\u00f3vel.pt\",\"image\":{\"@type\":\"ImageObject\",\"inLanguage\":\"pt-PT\",\"@id\":\"https:\\\/\\\/www.imovel.pt\\\/news\\\/wp-content\\\/uploads\\\/2022\\\/07\\\/cropped-cropped-imovel.pt2_-96x96.jpg\",\"url\":\"https:\\\/\\\/www.imovel.pt\\\/news\\\/wp-content\\\/uploads\\\/2022\\\/07\\\/cropped-cropped-imovel.pt2_-96x96.jpg\",\"contentUrl\":\"https:\\\/\\\/www.imovel.pt\\\/news\\\/wp-content\\\/uploads\\\/2022\\\/07\\\/cropped-cropped-imovel.pt2_-96x96.jpg\",\"caption\":\"im\u00f3vel.pt\"}}]}<\/script>\n<!-- \/ Yoast SEO Premium plugin. -->","yoast_head_json":{"title":"Euribor a 3 meses baixa e a 6 e 12 meses sobe - im\u00f3vel.pt News","description":"Esta ter\u00e7a-feira, regista-se uma nova subida da Euribor a seis e 12 meses, mas em oposi\u00e7\u00e3o, a Euribor a tr\u00eas meses baixa.","robots":{"index":"index","follow":"follow","max-snippet":"max-snippet:-1","max-image-preview":"max-image-preview:large","max-video-preview":"max-video-preview:-1"},"canonical":"https:\/\/www.imovel.pt\/news\/financas\/euribor-a-3-meses-baixa-e-a-6-e-12-meses-sobe","og_locale":"pt_PT","og_type":"article","og_title":"Euribor a 3 meses baixa e a 6 e 12 meses sobe","og_description":"Esta ter\u00e7a-feira, regista-se uma nova subida da Euribor a seis e 12 meses, mas em oposi\u00e7\u00e3o, a Euribor a tr\u00eas meses baixa.","og_url":"https:\/\/www.imovel.pt\/news\/financas\/euribor-a-3-meses-baixa-e-a-6-e-12-meses-sobe","og_site_name":"im\u00f3vel.pt News","article_publisher":"https:\/\/www.facebook.com\/imovel.pt","article_published_time":"2023-03-28T17:45:29+00:00","article_modified_time":"2023-03-28T18:03:42+00:00","og_image":[{"width":1203,"height":801,"url":"https:\/\/www.imovel.pt\/news\/wp-content\/uploads\/2023\/03\/Esta-terca-feira-regista-se-uma-nova-subida-da-Euribor-a-seis-e-12-meses-mas-em-oposicao-a-Euribor-a-tres-meses-baixa..jpg","type":"image\/jpeg"}],"author":"im\u00f3vel.pt","twitter_card":"summary_large_image","twitter_misc":{"Escrito por":"im\u00f3vel.pt","Tempo estimado de leitura":"3 minutos"},"schema":{"@context":"https:\/\/schema.org","@graph":[{"@type":"Article","@id":"https:\/\/www.imovel.pt\/news\/financas\/euribor-a-3-meses-baixa-e-a-6-e-12-meses-sobe#article","isPartOf":{"@id":"https:\/\/www.imovel.pt\/news\/financas\/euribor-a-3-meses-baixa-e-a-6-e-12-meses-sobe"},"author":{"name":"im\u00f3vel.pt","@id":"https:\/\/www.imovel.pt\/news\/#\/schema\/person\/5d403e48cef3333473719d7916dc7ae4"},"headline":"Euribor a 3 meses baixa e a 6 e 12 meses sobe","datePublished":"2023-03-28T17:45:29+00:00","dateModified":"2023-03-28T18:03:42+00:00","mainEntityOfPage":{"@id":"https:\/\/www.imovel.pt\/news\/financas\/euribor-a-3-meses-baixa-e-a-6-e-12-meses-sobe"},"wordCount":438,"commentCount":0,"publisher":{"@id":"https:\/\/www.imovel.pt\/news\/#organization"},"image":{"@id":"https:\/\/www.imovel.pt\/news\/financas\/euribor-a-3-meses-baixa-e-a-6-e-12-meses-sobe#primaryimage"},"thumbnailUrl":"https:\/\/www.imovel.pt\/news\/wp-content\/uploads\/2023\/03\/Esta-terca-feira-regista-se-uma-nova-subida-da-Euribor-a-seis-e-12-meses-mas-em-oposicao-a-Euribor-a-tres-meses-baixa..jpg","keywords":["Cr\u00e9dito Habita\u00e7\u00e3o","Euribor"],"articleSection":["Finan\u00e7as"],"inLanguage":"pt-PT","potentialAction":[{"@type":"CommentAction","name":"Comment","target":["https:\/\/www.imovel.pt\/news\/financas\/euribor-a-3-meses-baixa-e-a-6-e-12-meses-sobe#respond"]}]},{"@type":"WebPage","@id":"https:\/\/www.imovel.pt\/news\/financas\/euribor-a-3-meses-baixa-e-a-6-e-12-meses-sobe","url":"https:\/\/www.imovel.pt\/news\/financas\/euribor-a-3-meses-baixa-e-a-6-e-12-meses-sobe","name":"Euribor a 3 meses baixa e a 6 e 12 meses sobe - im\u00f3vel.pt News","isPartOf":{"@id":"https:\/\/www.imovel.pt\/news\/#website"},"primaryImageOfPage":{"@id":"https:\/\/www.imovel.pt\/news\/financas\/euribor-a-3-meses-baixa-e-a-6-e-12-meses-sobe#primaryimage"},"image":{"@id":"https:\/\/www.imovel.pt\/news\/financas\/euribor-a-3-meses-baixa-e-a-6-e-12-meses-sobe#primaryimage"},"thumbnailUrl":"https:\/\/www.imovel.pt\/news\/wp-content\/uploads\/2023\/03\/Esta-terca-feira-regista-se-uma-nova-subida-da-Euribor-a-seis-e-12-meses-mas-em-oposicao-a-Euribor-a-tres-meses-baixa..jpg","datePublished":"2023-03-28T17:45:29+00:00","dateModified":"2023-03-28T18:03:42+00:00","description":"Esta ter\u00e7a-feira, regista-se uma nova subida da Euribor a seis e 12 meses, mas em oposi\u00e7\u00e3o, a Euribor a tr\u00eas meses baixa.","breadcrumb":{"@id":"https:\/\/www.imovel.pt\/news\/financas\/euribor-a-3-meses-baixa-e-a-6-e-12-meses-sobe#breadcrumb"},"inLanguage":"pt-PT","potentialAction":[{"@type":"ReadAction","target":["https:\/\/www.imovel.pt\/news\/financas\/euribor-a-3-meses-baixa-e-a-6-e-12-meses-sobe"]}]},{"@type":"ImageObject","inLanguage":"pt-PT","@id":"https:\/\/www.imovel.pt\/news\/financas\/euribor-a-3-meses-baixa-e-a-6-e-12-meses-sobe#primaryimage","url":"https:\/\/www.imovel.pt\/news\/wp-content\/uploads\/2023\/03\/Esta-terca-feira-regista-se-uma-nova-subida-da-Euribor-a-seis-e-12-meses-mas-em-oposicao-a-Euribor-a-tres-meses-baixa..jpg","contentUrl":"https:\/\/www.imovel.pt\/news\/wp-content\/uploads\/2023\/03\/Esta-terca-feira-regista-se-uma-nova-subida-da-Euribor-a-seis-e-12-meses-mas-em-oposicao-a-Euribor-a-tres-meses-baixa..jpg","width":1203,"height":801,"caption":"Euribor a tr\u00eas meses baixa e a 6 e 12 meses sobe"},{"@type":"BreadcrumbList","@id":"https:\/\/www.imovel.pt\/news\/financas\/euribor-a-3-meses-baixa-e-a-6-e-12-meses-sobe#breadcrumb","itemListElement":[{"@type":"ListItem","position":1,"name":"In\u00edcio","item":"https:\/\/www.imovel.pt\/news"},{"@type":"ListItem","position":2,"name":"Euribor a 3 meses baixa e a 6 e 12 meses sobe"}]},{"@type":"WebSite","@id":"https:\/\/www.imovel.pt\/news\/#website","url":"https:\/\/www.imovel.pt\/news\/","name":"im\u00f3vel.pt News","description":"Dicas e Not\u00edcias sobre o mundo do mercado imobili\u00e1rio","publisher":{"@id":"https:\/\/www.imovel.pt\/news\/#organization"},"alternateName":"im\u00f3vel.pt News","potentialAction":[{"@type":"SearchAction","target":{"@type":"EntryPoint","urlTemplate":"https:\/\/www.imovel.pt\/news\/?s={search_term_string}"},"query-input":{"@type":"PropertyValueSpecification","valueRequired":true,"valueName":"search_term_string"}}],"inLanguage":"pt-PT"},{"@type":"Organization","@id":"https:\/\/www.imovel.pt\/news\/#organization","name":"im\u00f3vel.pt News","alternateName":"im\u00f3vel.pt News","url":"https:\/\/www.imovel.pt\/news\/","logo":{"@type":"ImageObject","inLanguage":"pt-PT","@id":"https:\/\/www.imovel.pt\/news\/#\/schema\/logo\/image\/","url":"https:\/\/www.imovel.pt\/news\/wp-content\/uploads\/2022\/07\/logo-imovel.pt_.svg","contentUrl":"https:\/\/www.imovel.pt\/news\/wp-content\/uploads\/2022\/07\/logo-imovel.pt_.svg","width":212,"height":57,"caption":"im\u00f3vel.pt News"},"image":{"@id":"https:\/\/www.imovel.pt\/news\/#\/schema\/logo\/image\/"},"sameAs":["https:\/\/www.facebook.com\/imovel.pt","https:\/\/www.instagram.com\/imovel.pt\/","https:\/\/www.tiktok.com\/@imovel.pt"]},{"@type":"Person","@id":"https:\/\/www.imovel.pt\/news\/#\/schema\/person\/5d403e48cef3333473719d7916dc7ae4","name":"im\u00f3vel.pt","image":{"@type":"ImageObject","inLanguage":"pt-PT","@id":"https:\/\/www.imovel.pt\/news\/wp-content\/uploads\/2022\/07\/cropped-cropped-imovel.pt2_-96x96.jpg","url":"https:\/\/www.imovel.pt\/news\/wp-content\/uploads\/2022\/07\/cropped-cropped-imovel.pt2_-96x96.jpg","contentUrl":"https:\/\/www.imovel.pt\/news\/wp-content\/uploads\/2022\/07\/cropped-cropped-imovel.pt2_-96x96.jpg","caption":"im\u00f3vel.pt"}}]}},"_links":{"self":[{"href":"https:\/\/www.imovel.pt\/news\/wp-json\/wp\/v2\/posts\/2920","targetHints":{"allow":["GET"]}}],"collection":[{"href":"https:\/\/www.imovel.pt\/news\/wp-json\/wp\/v2\/posts"}],"about":[{"href":"https:\/\/www.imovel.pt\/news\/wp-json\/wp\/v2\/types\/post"}],"author":[{"embeddable":true,"href":"https:\/\/www.imovel.pt\/news\/wp-json\/wp\/v2\/users\/2"}],"replies":[{"embeddable":true,"href":"https:\/\/www.imovel.pt\/news\/wp-json\/wp\/v2\/comments?post=2920"}],"version-history":[{"count":10,"href":"https:\/\/www.imovel.pt\/news\/wp-json\/wp\/v2\/posts\/2920\/revisions"}],"predecessor-version":[{"id":2931,"href":"https:\/\/www.imovel.pt\/news\/wp-json\/wp\/v2\/posts\/2920\/revisions\/2931"}],"wp:featuredmedia":[{"embeddable":true,"href":"https:\/\/www.imovel.pt\/news\/wp-json\/wp\/v2\/media\/2928"}],"wp:attachment":[{"href":"https:\/\/www.imovel.pt\/news\/wp-json\/wp\/v2\/media?parent=2920"}],"wp:term":[{"taxonomy":"category","embeddable":true,"href":"https:\/\/www.imovel.pt\/news\/wp-json\/wp\/v2\/categories?post=2920"},{"taxonomy":"post_tag","embeddable":true,"href":"https:\/\/www.imovel.pt\/news\/wp-json\/wp\/v2\/tags?post=2920"}],"curies":[{"name":"wp","href":"https:\/\/api.w.org\/{rel}","templated":true}]}}