{"id":277,"date":"2021-07-12T18:17:57","date_gmt":"2021-07-12T16:17:57","guid":{"rendered":"https:\/\/www.imovel.pt\/?p=277"},"modified":"2023-02-04T13:56:51","modified_gmt":"2023-02-04T12:56:51","slug":"motivos-pelos-quais-nao-consegues-vender-casa","status":"publish","type":"post","link":"https:\/\/www.imovel.pt\/news\/imobiliario\/motivos-pelos-quais-nao-consegues-vender-casa","title":{"rendered":"Vender casa: Os motivos pelos quais n\u00e3o est\u00e1s a conseguir"},"content":{"rendered":"<p>Apesar das crises financeiras e de sa\u00fade p\u00fablica que vivemos nos \u00faltimos tempos, o mercado imobili\u00e1rio continua em alta, e, <strong>a tarefa de vender casa<\/strong> pode dar mais trabalho do que aquilo que se possa pensar.<\/p>\n<p>Vivemos numa \u00e9poca de muita informa\u00e7\u00e3o e de f\u00e1cil acesso, onde o <em>mindset DIY \u2013do it yourself <\/em>\u2013 se torna cada vez mais um modo de vida, onde <strong>achamos ter informa\u00e7\u00e3o suficiente para resolver todas as situa\u00e7\u00f5es do nosso dia-a-dia<\/strong>. Temos a tenta\u00e7\u00e3o frequente de nos tornarmos m\u00e9dicos de n\u00f3s pr\u00f3prios ou de darmos palpites em todo e qualquer assunto, isto porque queremos fazer-nos ouvir com base na nossa experi\u00eancia achando que somos conhecedores de toda a raz\u00e3o. Quando se trata de <strong>vender casa<\/strong>, a situa\u00e7\u00e3o n\u00e3o muda de figura, e \u00e9 muito comum ver-se propriet\u00e1rios de im\u00f3veis julgarem conseguir vender as suas casas sozinhos.<\/p>\n<p>O <span style=\"text-decoration: underline;\"><a href=\"https:\/\/www.imovel.pt\/news\/imobiliario\/setor-imobiliario-em-portugal-e-crise-pandemica\">mercado imobili\u00e1rio<\/a><\/span> est\u00e1 agora a <strong>voltar ao normal<\/strong> depois ter parado a sua atividade com a pandemia e os sucessivos confinamentos. Sendo esta uma altura em que os pre\u00e7os dos im\u00f3veis se mant\u00eam altos e est\u00e1veis, existe a tenta\u00e7\u00e3o de nos aventurarmos sozinhos na venda da nossa habita\u00e7\u00e3o. E quando pensamos nas comiss\u00f5es de servi\u00e7o a pagar a um <span style=\"text-decoration: underline;\"><a href=\"https:\/\/www.imovel.pt\/news\/imobiliario\/motivos-contratar-consultor-imobiliario\">agente imobili\u00e1rio<\/a><\/span>, esta tenta\u00e7\u00e3o torna-se ainda mais evidente.<\/p>\n<p>\u00c9 compreens\u00edvel que o queiramos fazer por n\u00f3s pr\u00f3prios, mas tamb\u00e9m \u00e9 comum ver-se pessoas que <strong>acabam por recorrer a <span style=\"text-decoration: underline;\"><a href=\"https:\/\/www.imovel.pt\/news\/imobiliario\/motivos-contratar-consultor-imobiliario\">servi\u00e7os de media\u00e7\u00e3o<\/a><\/span> ap\u00f3s a frustra\u00e7\u00e3o de n\u00e3o conseguirem <a href=\"https:\/\/www.imovel.pt\/news\/imobiliario\/vender-casa-sozinho\"><span style=\"text-decoration: underline;\">vender<\/span><span style=\"text-decoration: underline;\"> as suas casas sozinhos<\/span>.<\/a><\/strong> Mesmo quando o mercado est\u00e1, aparentemente, f\u00e1cil para vender im\u00f3veis, porque quer recuperar, \u00e9 poss\u00edvel falhar neste processo. Neste artigo vamos mostrar-te os principais motivos pelos quais podes falhar na venda da tua casa.<\/p>\n<p>&nbsp;<\/p>\n<h2>Os motivos principais pelos quais isto acontece ao vender casa podem ser estes que explanamos a seguir.<\/h2>\n<p>&nbsp;<\/p>\n<h3>1. Falta de promo\u00e7\u00e3o para vender casa<\/h3>\n<p>Uma grande maioria de pessoas tem tend\u00eancia a achar que a divulga\u00e7\u00e3o e promo\u00e7\u00e3o da venda de uma casa se faz apenas com a <span style=\"text-decoration: underline;\"><a href=\"https:\/\/www.imovel.pt\/\" rel=\"noopener\"><strong>coloca\u00e7\u00e3o do im\u00f3vel nos portais imobili\u00e1rios<\/strong><\/a><\/span>, muitas vezes com informa\u00e7\u00e3o pouco relevante ou com um posicionamento de produto que n\u00e3o reflete a realidade do im\u00f3vel nem se consegue adequar \u00e0 procura.<\/p>\n<p>A import\u00e2ncia do posicionamento do an\u00fancio face ao <em>target<\/em> \u2013 a escolha do <span style=\"text-decoration: underline;\"><a href=\"https:\/\/www.imovel.pt\/\">portal adequado<\/a><\/span>, a descri\u00e7\u00e3o de venda, a segmenta\u00e7\u00e3o nas redes sociais \u2013 \u00e9 crucial para atingir o objetivo pretendido <strong>(a venda da casa r\u00e1pida pelo melhor pre\u00e7o)<\/strong>.<\/p>\n<p>Se esta segmenta\u00e7\u00e3o e promo\u00e7\u00e3o n\u00e3o for feita de forma adequada vai fazer-te perder tempo e ter gastos que n\u00e3o v\u00e3o trazer retorno. Mais do que isso, a casa vai-se tornar pouco apetec\u00edvel pois est\u00e1 a ser mostrada de forma desadequada.<\/p>\n<p><img loading=\"lazy\" decoding=\"async\" class=\"aligncenter wp-image-2704 size-full\" src=\"https:\/\/www.imovel.pt\/news\/wp-content\/uploads\/2021\/07\/Se-esta-segmentacao-e-promocao-nao-for-feita-de-forma-adequada-vai-fazer-te-perder-tempo-e-ter-gastos-que-nao-vao-trazer-retorno.-Mais-do-que-isso.jpg\" alt=\"vender casa\" width=\"1110\" height=\"740\" srcset=\"https:\/\/www.imovel.pt\/news\/wp-content\/uploads\/2021\/07\/Se-esta-segmentacao-e-promocao-nao-for-feita-de-forma-adequada-vai-fazer-te-perder-tempo-e-ter-gastos-que-nao-vao-trazer-retorno.-Mais-do-que-isso.jpg 1110w, https:\/\/www.imovel.pt\/news\/wp-content\/uploads\/2021\/07\/Se-esta-segmentacao-e-promocao-nao-for-feita-de-forma-adequada-vai-fazer-te-perder-tempo-e-ter-gastos-que-nao-vao-trazer-retorno.-Mais-do-que-isso-300x200.jpg 300w, https:\/\/www.imovel.pt\/news\/wp-content\/uploads\/2021\/07\/Se-esta-segmentacao-e-promocao-nao-for-feita-de-forma-adequada-vai-fazer-te-perder-tempo-e-ter-gastos-que-nao-vao-trazer-retorno.-Mais-do-que-isso-1024x683.jpg 1024w, https:\/\/www.imovel.pt\/news\/wp-content\/uploads\/2021\/07\/Se-esta-segmentacao-e-promocao-nao-for-feita-de-forma-adequada-vai-fazer-te-perder-tempo-e-ter-gastos-que-nao-vao-trazer-retorno.-Mais-do-que-isso-768x512.jpg 768w\" sizes=\"auto, (max-width: 1110px) 100vw, 1110px\" \/><\/p>\n<p>&nbsp;<\/p>\n<h3>2. A impossibilidade de coopera\u00e7\u00e3o com profissionais<\/h3>\n<p>Se pensarmos que as ag\u00eancias imobili\u00e1rias t\u00eam <strong>bases de dados repletas de contactos de potenciais compradores<\/strong>, e que diariamente recebem informa\u00e7\u00e3o de pessoas que pretendem comprar casa, por que haver\u00edamos de perder a oportunidade de vendermos o nosso im\u00f3vel com ajuda de pessoas especializadas no assunto que nos facilitar\u00e3o todo o processo e com mais rapidez?<\/p>\n<p>Tal como em todos os setores existem <strong>pessoas especializadas e experientes que fazem o seu trabalho de forma competente e informada<\/strong>, este \u00e9 um setor que n\u00e3o foge \u00e0 regra e que exige conhecimentos pr\u00f3prios.<\/p>\n<p>N\u00e3o havendo a hip\u00f3tese de coopera\u00e7\u00e3o com um <span style=\"text-decoration: underline;\"><a href=\"https:\/\/www.imovel.pt\/news\/imobiliario\/motivos-contratar-consultor-imobiliario\">agente imobili\u00e1rio<\/a><\/span> podes tentar vender por ti mesmo, <span style=\"font-weight: 400;\"><a href=\"https:\/\/www.imovel.pt\/publicar-novo-anuncio\"><span style=\"text-decoration: underline;\">em portais como o im\u00f3vel.pt<\/span><\/a>,<\/span> mas prepara-te bem com toda a informa\u00e7\u00e3o sobre o mercado e o im\u00f3vel e tem pensamento positivo, pode ser que consigas faz\u00ea-lo sozinho.<\/p>\n<p>&nbsp;<\/p>\n<h3>3. Falta de habilidade para negocia\u00e7\u00e3o e argumenta\u00e7\u00e3o para vender casa<\/h3>\n<p>Para al\u00e9m dos an\u00fancios dedicados ao efeito, os propriet\u00e1rios tamb\u00e9m costumam colocar uma placa na frente da habita\u00e7\u00e3o indicando a venda do im\u00f3vel pelo pr\u00f3prio, com a inten\u00e7\u00e3o clara de afastar os profissionais da <span style=\"text-decoration: underline;\"><a href=\"https:\/\/www.imovel.pt\/news\/imobiliario\/vender-e-comprar-casa-tudo-que-precisas-saber\" rel=\"noopener\">media\u00e7\u00e3o imobili\u00e1ria<\/a><\/span>, e ao mesmo tempo, atraindo potenciais clientes que prefiram comprar diretamente ao vendedor, sem ter de lidar com a linguagem pr\u00f3pria do mercado.<\/p>\n<p>Mas repara que, um interessado, quando v\u00ea esta placa perceciona uma vantagem para obter um pre\u00e7o mais baixo porque neste caso <strong>o vendedor n\u00e3o ter\u00e1 custos com honor\u00e1rios havendo maior margem para negocia\u00e7\u00e3o<\/strong>. Para quem est\u00e1 a vender casa, isto pode ser um entrave.<\/p>\n<p><strong>Faz estas perguntas a ti mesmo:<\/strong><\/p>\n<p>Achas que est\u00e1s preparado para <strong>negociar e responder<\/strong> \u00e0s perguntas pertinentes dos potenciais compradores, levando a negocia\u00e7\u00e3o a bom porto?<\/p>\n<p>Ser\u00e1 que tens<strong> informa\u00e7\u00e3o s\u00f3lida<\/strong> de pre\u00e7os e oferta no mercado onde se enquadra o teu im\u00f3vel?<\/p>\n<p>Sabes a diferen\u00e7a entre o pre\u00e7o anunciado e <strong>realmente vendido<\/strong> dos im\u00f3veis na tua zona?<\/p>\n<p>De uma forma geral, a dificuldade que uma grande parte dos propriet\u00e1rios tem para reunir esta informa\u00e7\u00e3o, de fazer as perguntas certas ou a incapacidade de resposta e argumenta\u00e7\u00e3o \u00e0s obje\u00e7\u00f5es levantadas perante os problemas encontrados no im\u00f3vel, conduzem a erros na negocia\u00e7\u00e3o que podem ditar o insucesso da venda.<\/p>\n<p><span style=\"font-weight: 400;\">Mas, se tu respondeste sim a estas perguntas estar\u00e1s preparado para <\/span><span style=\"font-weight: 400;\">vender casa<\/span><span style=\"font-weight: 400;\">. Podes anunciar o teu im\u00f3vel no nosso portal, de forma totalmente <\/span><span style=\"text-decoration: underline;\"><a href=\"https:\/\/www.imovel.pt\/publicar-novo-anuncio\"><b>gratuita<\/b><\/a><\/span><span style=\"font-weight: 400;\">.<\/span><\/p>\n<p>&nbsp;<\/p>\n<h3>4. Expetativas irreais para vender casa r\u00e1pido<\/h3>\n<p>\u00c9 comum vermos vendedores dos seus pr\u00f3prios im\u00f3veis terem a convic\u00e7\u00e3o que dominam claramente, toda a informa\u00e7\u00e3o sobre as suas casas e que sabem como vender casa. Provavelmente t\u00eam uma <strong>vis\u00e3o pouco realista<\/strong> daquilo que exige o processo de venda de um im\u00f3vel, incluindo a realiza\u00e7\u00e3o da escritura e toda a burocracia envolvida.<\/p>\n<p>N\u00e3o se trata apenas de aguardar que um interessado apare\u00e7a, mostrar-lhe a casa e esperar que ele aceite o nosso pre\u00e7o.<\/p>\n<p>Muitas destas pessoas, t\u00eam tend\u00eancia a achar que a sua casa \u00e9 a melhor da sua zona de resid\u00eancia, talvez por <strong>fatores emocionais<\/strong>, e julgam que o mercado est\u00e1 sempre dispon\u00edvel para vendas altas. Quando n\u00e3o obt\u00eam contactos efetivamente interessantes, por parte de poss\u00edveis compradores, gera-se uma frustra\u00e7\u00e3o.<\/p>\n<p>&nbsp;<\/p>\n<h3>5. Falta de informa\u00e7\u00e3o sobre o pre\u00e7o correto para vender casa<\/h3>\n<p><strong>Este \u00e9 talvez o erro que mais vezes se comete<\/strong>. Queremos tentar obter o m\u00e1ximo valor pela habita\u00e7\u00e3o, fazendo frequentemente compara\u00e7\u00f5es com a casa do vizinho, ou ainda porque existe uma rela\u00e7\u00e3o emocional com a casa, o que acaba por criar uma perce\u00e7\u00e3o distorcida do valor do im\u00f3vel.<\/p>\n<p>Com isto, acabamos por colocar a casa no mercado por um valor que, para o im\u00f3vel em quest\u00e3o, pode estar <strong>sobrevalorizado, ou o oposto<\/strong>, levando a que haja uma perda de interesse por parte de poss\u00edveis compradores. Nestes casos, quanto mais alto for o pre\u00e7o mais tempo levar\u00e1 o im\u00f3vel para ser vendido.<\/p>\n<p><img loading=\"lazy\" decoding=\"async\" class=\"aligncenter wp-image-2700 size-full\" src=\"https:\/\/www.imovel.pt\/news\/wp-content\/uploads\/2021\/07\/5.-Falta-de-informacao-sobre-o-preco-correto-para-vender-casa.jpg\" alt=\"vender casa\" width=\"1203\" height=\"801\" srcset=\"https:\/\/www.imovel.pt\/news\/wp-content\/uploads\/2021\/07\/5.-Falta-de-informacao-sobre-o-preco-correto-para-vender-casa.jpg 1203w, https:\/\/www.imovel.pt\/news\/wp-content\/uploads\/2021\/07\/5.-Falta-de-informacao-sobre-o-preco-correto-para-vender-casa-300x200.jpg 300w, https:\/\/www.imovel.pt\/news\/wp-content\/uploads\/2021\/07\/5.-Falta-de-informacao-sobre-o-preco-correto-para-vender-casa-1024x682.jpg 1024w, https:\/\/www.imovel.pt\/news\/wp-content\/uploads\/2021\/07\/5.-Falta-de-informacao-sobre-o-preco-correto-para-vender-casa-768x511.jpg 768w\" sizes=\"auto, (max-width: 1203px) 100vw, 1203px\" \/><\/p>\n<p>&nbsp;<\/p>\n<h3>6. Falta de disponibilidade para mostrar o im\u00f3vel<\/h3>\n<p>\u00c9 comum ver-se pessoas que querem <span style=\"text-decoration: underline;\"><a href=\"https:\/\/www.imovel.pt\/news\/imobiliario\/vender-e-comprar-casa-tudo-que-precisas-saber\">vender a sua pr\u00f3pria casa<\/a><\/span>, esquecerem-se que para a venderem <strong>v\u00e3o precisar mostr\u00e1-la vezes sem conta at\u00e9 que apare\u00e7a um verdadeiro interessado<\/strong> em comprar. Requer disponibilidade <em>on time<\/em><em>,<\/em> porque como sabemos, \u00a0quem procura casa querer\u00e1 v\u00ea-la sem perder tempo.<\/p>\n<p>Neste mercado, a visita virtual, aquele primeiro contacto com o im\u00f3vel atrav\u00e9s da divulga\u00e7\u00e3o, \u00e9 importante para facilitar a decis\u00e3o de visita ao im\u00f3vel, <strong>mas a visita f\u00edsica \u00e9 ainda mais importante para a tomada de decis\u00e3o de compra.<\/strong> Por essa raz\u00e3o \u00e9 necess\u00e1rio disponibilizar tempo para estas visitas, assim como tamb\u00e9m dever\u00e1s saber liderar a visita salientado os aspetos positivos e, fazer perguntas que te permitam perceber o verdadeiro interesse do potencial comprador.<\/p>\n<p><span style=\"font-weight: 400;\">Posto isto, percebe-se que existem alguns sen\u00e3os no que diz respeito a <\/span><span style=\"font-weight: 400;\">vender casa <\/span><span style=\"font-weight: 400;\">sem a ajuda de terceiros, nomeadamente, sem a interven\u00e7\u00e3o de ag\u00eancias imobili\u00e1rias, no entanto, n\u00e3o \u00e9 imposs\u00edvel e pode significar uma poupan\u00e7a nas comiss\u00f5es.\u00a0<\/span><\/p>\n<p><span style=\"font-weight: 400;\">Vender casa sem esta ajuda passa por divulgar o im\u00f3vel nos portais dedicados ao efeito, garantir uma boa descri\u00e7\u00e3o e disponibilizar <span style=\"text-decoration: underline;\"><a href=\"https:\/\/www.imovel.pt\/news\/imobiliario\/como-tirar-fotos-de-imoveis-para-venda\">fotos de qualidade<\/a><\/span>. Mas vamos ainda analisar outras quest\u00f5es inerentes \u00e0 venda de um im\u00f3vel.<\/span><\/p>\n<p>&nbsp;<\/p>\n<h2>Como avaliar a minha casa e estudar o mercado imobili\u00e1rio?<\/h2>\n<p><span style=\"font-weight: 400;\">Antes de iniciares o processo de vender casa deves saber em que momento est\u00e1 o mercado imobili\u00e1rio e por que <strong>valor podes vender a tua casa<\/strong>. <\/span><\/p>\n<p><span style=\"font-weight: 400;\">Para al\u00e9m do estado do mercado, tens que ter em considera\u00e7\u00e3o o estado e caracter\u00edsticas da habita\u00e7\u00e3o. Para definires o pre\u00e7o de venda da tua casa deves fazer uma <\/span><a href=\"https:\/\/www.imovel.pt\/news\/imobiliario\/avaliacao-do-imovel-como-fazer-corretamente\"><span style=\"font-weight: 400;\">avalia\u00e7\u00e3o do im\u00f3vel<\/span><\/a><span style=\"font-weight: 400;\">. Esta avalia\u00e7\u00e3o deve ter em conta condicionantes como a localiza\u00e7\u00e3o, exposi\u00e7\u00e3o solar, qualidade e data da constru\u00e7\u00e3o, acabamentos, estado de conserva\u00e7\u00e3o, acessibilidades, tipologia e disposi\u00e7\u00e3o da habita\u00e7\u00e3o, equipamentos dispon\u00edveis, entre outros fatores. Para te certificares de que aplicas um pre\u00e7o justo procura um t\u00e9cnico especializado para realizar a avalia\u00e7\u00e3o do teu im\u00f3vel. Podes encontrar um Perito Avaliador Registado, <\/span><a href=\"https:\/\/web3.cmvm.pt\/sdi\/peritos\/peritos.cfm\" target=\"_blank\" rel=\"noopener\"><span style=\"font-weight: 400;\"><span style=\"text-decoration: underline;\">nesta base de dados<\/span><\/span><\/a><span style=\"font-weight: 400;\">. Estes profissionais tamb\u00e9m realizam avalia\u00e7\u00f5es quando est\u00e3o em causa <span style=\"text-decoration: underline;\"><a href=\"https:\/\/www.imovel.pt\/credito-habitacao\">cr\u00e9ditos habita\u00e7\u00e3o<\/a><\/span>, fazem medi\u00e7\u00f5es, tiram fotografias e analisam os documentos do im\u00f3vel para determinar um valor.<\/span><\/p>\n<p><span style=\"font-weight: 400;\">Usar como refer\u00eancia o <span style=\"text-decoration: underline;\"><a href=\"https:\/\/www.imovel.pt\/news\/imobiliario\/valor-patrimonial-tributario\">valor patrimonial tribut\u00e1rio (VPT)<\/a><\/span>, tamb\u00e9m pode ser \u00fatil. O VPT \u00e9 o valor que as Finan\u00e7as atribuem ao teu im\u00f3vel e que \u00e9 usado para calcular o IMI.<\/span><\/p>\n<p>&nbsp;<\/p>\n<h2>Como preparar a venda da minha casa?<\/h2>\n<p><span style=\"font-weight: 400;\">Depois de feita a avalia\u00e7\u00e3o, mas antes de colocares a casa \u00e0 venda, \u00e9 importante reunir alguma <span style=\"text-decoration: underline;\"><a href=\"https:\/\/www.imovel.pt\/news\/imobiliario\/documentos-necessarios-para-venda-de-imoveis\">documenta\u00e7\u00e3o<\/a><\/span> para que todo o processo flua sem inconvenientes ou atrasos. <strong>Destacamos os seguintes documentos:<\/strong><\/span><\/p>\n<ul>\n<li style=\"font-weight: 400;\" aria-level=\"1\"><span style=\"font-weight: 400;\">Documento de identifica\u00e7\u00e3o;<\/span><\/li>\n<li style=\"font-weight: 400;\" aria-level=\"1\"><span style=\"text-decoration: underline;\"><a href=\"https:\/\/www.imovel.pt\/news\/imobiliario\/certidao-de-teor\"><span style=\"font-weight: 400;\">Certid\u00e3o Permanente Predial<\/span><\/a><\/span><span style=\"font-weight: 400;\">;<\/span><\/li>\n<li style=\"font-weight: 400;\" aria-level=\"1\"><span style=\"text-decoration: underline;\"><a href=\"https:\/\/www.imovel.pt\/news\/imobiliario\/como-atualizar-a-caderneta-predial-urbana\"><span style=\"font-weight: 400;\">Caderneta Predial;<\/span><\/a><\/span><\/li>\n<li style=\"font-weight: 400;\" aria-level=\"1\"><span style=\"font-weight: 400;\">Licen\u00e7a de Utiliza\u00e7\u00e3o;<\/span><\/li>\n<li style=\"font-weight: 400;\" aria-level=\"1\"><span style=\"font-weight: 400;\">Planta do im\u00f3vel;<\/span><\/li>\n<li style=\"font-weight: 400;\" aria-level=\"1\"><span style=\"text-decoration: underline;\"><a href=\"https:\/\/www.imovel.pt\/news\/imobiliario\/certificado-energetico\"><span style=\"font-weight: 400;\">Certificado energ\u00e9tico;<\/span><\/a><\/span><\/li>\n<li style=\"font-weight: 400;\" aria-level=\"1\"><span style=\"font-weight: 400;\">Ficha t\u00e9cnica da habita\u00e7\u00e3o;<\/span><\/li>\n<li style=\"font-weight: 400;\" aria-level=\"1\"><span style=\"text-decoration: underline;\"><a href=\"https:\/\/www.imovel.pt\/news\/imobiliario\/distrate-de-hipoteca\"><span style=\"font-weight: 400;\">Distrate de hipoteca;<\/span><\/a><\/span><\/li>\n<li style=\"font-weight: 400;\" aria-level=\"1\"><span style=\"font-weight: 400;\">Certid\u00e3o de n\u00e3o d\u00edvida do condom\u00ednio (se aplic\u00e1vel);<\/span><\/li>\n<li style=\"font-weight: 400;\" aria-level=\"1\"><span style=\"font-weight: 400;\">Comprovativos de <span style=\"text-decoration: underline;\"><a href=\"https:\/\/www.imovel.pt\/news\/imobiliario\/quem-paga-o-imi-em-caso-de-venda\">pagamento do IMI<\/a><\/span> dos \u00faltimos anos;<\/span><\/li>\n<li style=\"font-weight: 400;\" aria-level=\"1\"><span style=\"font-weight: 400;\">Inspe\u00e7\u00e3o T\u00e9cnica de Edif\u00edcios (n\u00e3o \u00e9 obrigat\u00f3rio, mas pode aportar valor).<\/span><\/li>\n<\/ul>\n<p><span style=\"font-weight: 400;\">Verifica que a informa\u00e7\u00e3o que consta de todos estes documentos <strong>se encontra em conformidade<\/strong>. \u00c9 comum verificarem-se discrep\u00e2ncias, principalmente se as habita\u00e7\u00f5es forem antigas, se tiverem sido feitas altera\u00e7\u00f5es \u00e0 planta que possam ter sido mal documentadas, entre outras situa\u00e7\u00f5es. A n\u00e3o conformidade dos documentos do im\u00f3vel pode p\u00f4r em causa a celeridade do processo de compra e venda.\u00a0<\/span><\/p>\n<p><span style=\"font-weight: 400;\">Depois de estabelecido o pre\u00e7o, calcula a tua margem de negocia\u00e7\u00e3o, ou seja, deves determinar qual o valor m\u00ednimo pelo qual pretendes vender a casa. Qualquer comprador gosta de negociar e de tentar obter um valor mais baixo. Se n\u00e3o queres negociar, ao publicitares o im\u00f3vel indica claramente que o valor n\u00e3o \u00e9 negoci\u00e1vel.<\/span><\/p>\n<p>&nbsp;<\/p>\n<h2>Gastos com a venda de im\u00f3veis<\/h2>\n<p><span style=\"font-weight: 400;\">Na venda de um im\u00f3vel deves ter presente que nem tudo ser\u00e1 lucro. \u00c9 importante teres consci\u00eancia de que existem sempre gastos inerentes \u00e0 venda de uma habita\u00e7\u00e3o. <strong>S\u00e3o eles:<\/strong><\/span><\/p>\n<ul>\n<li style=\"font-weight: 400;\" aria-level=\"1\"><span style=\"font-weight: 400;\">Poss\u00edveis <span style=\"text-decoration: underline;\"><a href=\"https:\/\/www.imovel.pt\/news\/imobiliario\/remodelar-casa\">obras<\/a><\/span> que tenham que ser feitas antes da venda acontecer (pintura, <span style=\"text-decoration: underline;\"><a href=\"https:\/\/www.imovel.pt\/news\/imobiliario\/remodelar-casa-de-banho-quanto-custa-remodelar-uma-casa-de-banho\">canaliza\u00e7\u00e3o<\/a><\/span>, etc.);<\/span><\/li>\n<li style=\"font-weight: 400;\" aria-level=\"1\"><span style=\"font-weight: 400;\">Obten\u00e7\u00e3o dos documentos necess\u00e1rios \u00e0 venda (a atualiza\u00e7\u00e3o da Certid\u00e3o de Registo Predial tem um custo de 15 \u20ac, por exemplo);<\/span><\/li>\n<li style=\"font-weight: 400;\" aria-level=\"1\"><span style=\"font-weight: 400;\">Gastos de car\u00e1cter legal (Contratos, Advogados, Not\u00e1rios);<\/span><\/li>\n<li style=\"font-weight: 400;\" aria-level=\"1\"><span style=\"text-decoration: underline;\"><a href=\"https:\/\/www.imovel.pt\/news\/imobiliario\/imposto-sobre-venda-de-imovel\"><span style=\"font-weight: 400;\">Impostos sobre a venda<\/span><\/a><\/span><span style=\"font-weight: 400;\"> (IRS, <\/span><span style=\"text-decoration: underline;\"><a href=\"https:\/\/www.imovel.pt\/news\/imobiliario\/isencao-de-mais-valias\"><span style=\"font-weight: 400;\">Mais-Valias<\/span><\/a><\/span><span style=\"font-weight: 400;\">).<\/span><\/li>\n<\/ul>\n<p>&nbsp;<\/p>\n<h2>O que fazer para valorizar a minha casa?<\/h2>\n<p>&nbsp;<\/p>\n<h3>Pequenas obras<\/h3>\n<p><span style=\"font-weight: 400;\">Quando algu\u00e9m est\u00e1 \u00e0 procura de casa, conta desde logo com um montante destinado a pequenas obras que julga ser\u00e3o necess\u00e1rias. Se tens pequenas infiltra\u00e7\u00f5es ou <span style=\"text-decoration: underline;\"><a href=\"https:\/\/www.imovel.pt\/news\/imobiliario\/remodelar-casa-de-banho-quanto-custa-remodelar-uma-casa-de-banho\">torneiras<\/a><\/span> que n\u00e3o funcionam, <strong>trata de resolver esses pequenos problemas<\/strong>. Ao faz\u00ea-lo vais acrescentar, aos olhos do poss\u00edvel comprador, uma vantagem na escolha da tua casa visto que este n\u00e3o vai precisar de gastar dinheiro com as pequenas obras com que ele contava.<\/span><\/p>\n<p>&nbsp;<\/p>\n<h3>Limpeza e arruma\u00e7\u00e3o<\/h3>\n<p><span style=\"font-weight: 400;\">Mesmo que a casa seja um \u00f3timo neg\u00f3cio, se n\u00e3o estiver limpa e arrumada na altura em que a apresentas aos interessados, este ser\u00e1 um fator negativo <strong>que pode dificultar a realiza\u00e7\u00e3o da venda<\/strong>. Isto porque a sensa\u00e7\u00e3o sentida durante a visita, ser\u00e1 aquela que o interessado se lembrar\u00e1 quando estiver a tomar a decis\u00e3o. Por isso, investe em produtos para tirar manchas e odores, arruma tudo convenientemente e retira objetos demasiado pessoais. Sobre esta din\u00e2mica, sugerimos-te a leitura do artigo sobre a import\u00e2ncia do <\/span><span style=\"text-decoration: underline;\"><a href=\"https:\/\/www.imovel.pt\/news\/imobiliario\/home-staging\"><i><span style=\"font-weight: 400;\">Home Staging<\/span><\/i><\/a><\/span><span style=\"font-weight: 400;\">.<\/span><\/p>\n<p>&nbsp;<\/p>\n<h3>Ambi\u00eancia<\/h3>\n<p><span style=\"font-weight: 400;\">Uma outra t\u00e9cnica que o <\/span><span style=\"text-decoration: underline;\"><a href=\"https:\/\/www.imovel.pt\/news\/imobiliario\/home-staging\"><i><span style=\"font-weight: 400;\">Home Staging<\/span><\/i><\/a><\/span><span style=\"font-weight: 400;\"> ensina, \u00e9 a <strong>preparar o ambiente para as <span style=\"text-decoration: underline;\"><a href=\"https:\/\/www.imovel.pt\/news\/imobiliario\/como-tirar-fotos-de-imoveis-para-venda\">fotografias<\/a><\/span><\/strong> e para as visitas dos interessados. Procura adequar a temperatura da casa, ajustar a ilumina\u00e7\u00e3o, colocar um ambientador para a casa ficar com um cheiro agrad\u00e1vel e mostr\u00e1-la durante o dia permitindo-te enfatizar a vantajosa incid\u00eancia de luz solar.<\/span><\/p>\n<p><img loading=\"lazy\" decoding=\"async\" class=\"aligncenter wp-image-2701 size-full\" src=\"https:\/\/www.imovel.pt\/news\/wp-content\/uploads\/2021\/07\/Se-a-tua-intencao-for-vender-casa-para-comprares-outra-podes-ter-acesso-a-isencao-de-tributacao-sobre-as-mais-valias-conseguidas-com-a-venda.jpg\" alt=\"vender casa\" width=\"1203\" height=\"801\" srcset=\"https:\/\/www.imovel.pt\/news\/wp-content\/uploads\/2021\/07\/Se-a-tua-intencao-for-vender-casa-para-comprares-outra-podes-ter-acesso-a-isencao-de-tributacao-sobre-as-mais-valias-conseguidas-com-a-venda.jpg 1203w, https:\/\/www.imovel.pt\/news\/wp-content\/uploads\/2021\/07\/Se-a-tua-intencao-for-vender-casa-para-comprares-outra-podes-ter-acesso-a-isencao-de-tributacao-sobre-as-mais-valias-conseguidas-com-a-venda-300x200.jpg 300w, https:\/\/www.imovel.pt\/news\/wp-content\/uploads\/2021\/07\/Se-a-tua-intencao-for-vender-casa-para-comprares-outra-podes-ter-acesso-a-isencao-de-tributacao-sobre-as-mais-valias-conseguidas-com-a-venda-1024x682.jpg 1024w, https:\/\/www.imovel.pt\/news\/wp-content\/uploads\/2021\/07\/Se-a-tua-intencao-for-vender-casa-para-comprares-outra-podes-ter-acesso-a-isencao-de-tributacao-sobre-as-mais-valias-conseguidas-com-a-venda-768x511.jpg 768w\" sizes=\"auto, (max-width: 1203px) 100vw, 1203px\" \/><\/p>\n<p>&nbsp;<\/p>\n<h2>Mais-Valias com a venda do im\u00f3vel<\/h2>\n<p><span style=\"font-weight: 400;\">Se a tua inten\u00e7\u00e3o for <strong>vender casa para comprares outra<\/strong>, podes ter acesso \u00e0 isen\u00e7\u00e3o de tributa\u00e7\u00e3o sobre as mais-valias conseguidas com a venda, desde que estas se tratem de Habita\u00e7\u00e3o Pr\u00f3pria Permanente. Podes ler mais sobre este assunto no artigo: <\/span><a href=\"https:\/\/www.imovel.pt\/news\/imobiliario\/isencao-de-mais-valias\"><span style=\"font-weight: 400;\">Isen\u00e7\u00e3o de mais-valias sobre a venda de um im\u00f3vel<\/span><\/a><span style=\"font-weight: 400;\">.<\/span><\/p>\n<p>&nbsp;<\/p>\n<h2>Onde posso obter ajuda para vender casa?<\/h2>\n<p><span style=\"font-weight: 400;\">Caso mantenhas a tua decis\u00e3o quanto \u00e0 venda da tua casa sozinho, sem a interfer\u00eancia de ag\u00eancias imobili\u00e1rias, <strong>podes (e deves!)<\/strong> ainda assim, divulgar o teu im\u00f3vel online, nos portais dedicados a esse efeito, como \u00e9 o caso do <span style=\"text-decoration: underline;\"><a href=\"https:\/\/www.imovel.pt\/publicar-novo-anuncio\">im\u00f3vel.pt<\/a><\/span>.<\/span><\/p>\n<p><span style=\"font-weight: 400;\">Faz a tua pesquisa e <span style=\"text-decoration: underline;\"><a href=\"https:\/\/www.imovel.pt\/publicar-novo-anuncio\">divulga o teu im\u00f3vel no nosso portal gr\u00e1tis!<\/a><\/span>. <\/span><span style=\"font-weight: 400;\">N\u00e3o te esque\u00e7as que as fotografias da habita\u00e7\u00e3o s\u00e3o muito importantes. Procura colocar fotos n\u00edtidas e com incid\u00eancia de luz natural, de todas as divis\u00f5es da casa, e at\u00e9 do exterior.<\/span><\/p>\n<figure id=\"attachment_2720\" aria-describedby=\"caption-attachment-2720\" style=\"width: 1842px\" class=\"wp-caption aligncenter\"><img loading=\"lazy\" decoding=\"async\" class=\"wp-image-2720 size-full\" src=\"https:\/\/www.imovel.pt\/news\/wp-content\/uploads\/2021\/07\/a-tua-pesquisa-e-divulga-o-teu-imovel-no-nosso-portal-gratis.-Nao-te-esquecas-que-as-fotografias-da-habitacao-sao-muito-importantes..png\" alt=\"\" width=\"1842\" height=\"925\" srcset=\"https:\/\/www.imovel.pt\/news\/wp-content\/uploads\/2021\/07\/a-tua-pesquisa-e-divulga-o-teu-imovel-no-nosso-portal-gratis.-Nao-te-esquecas-que-as-fotografias-da-habitacao-sao-muito-importantes..png 1842w, https:\/\/www.imovel.pt\/news\/wp-content\/uploads\/2021\/07\/a-tua-pesquisa-e-divulga-o-teu-imovel-no-nosso-portal-gratis.-Nao-te-esquecas-que-as-fotografias-da-habitacao-sao-muito-importantes.-300x151.png 300w, https:\/\/www.imovel.pt\/news\/wp-content\/uploads\/2021\/07\/a-tua-pesquisa-e-divulga-o-teu-imovel-no-nosso-portal-gratis.-Nao-te-esquecas-que-as-fotografias-da-habitacao-sao-muito-importantes.-1024x514.png 1024w, https:\/\/www.imovel.pt\/news\/wp-content\/uploads\/2021\/07\/a-tua-pesquisa-e-divulga-o-teu-imovel-no-nosso-portal-gratis.-Nao-te-esquecas-que-as-fotografias-da-habitacao-sao-muito-importantes.-768x386.png 768w, https:\/\/www.imovel.pt\/news\/wp-content\/uploads\/2021\/07\/a-tua-pesquisa-e-divulga-o-teu-imovel-no-nosso-portal-gratis.-Nao-te-esquecas-que-as-fotografias-da-habitacao-sao-muito-importantes.-1536x771.png 1536w\" sizes=\"auto, (max-width: 1842px) 100vw, 1842px\" \/><figcaption id=\"caption-attachment-2720\" class=\"wp-caption-text\">Fonte: im\u00f3vel.pt<\/figcaption><\/figure>\n","protected":false},"excerpt":{"rendered":"<p>Apesar das crises financeiras e de sa\u00fade p\u00fablica que vivemos nos \u00faltimos tempos, o mercado imobili\u00e1rio continua em alta, e, a tarefa de vender casa pode dar mais trabalho do que aquilo que se possa pensar. Vivemos numa \u00e9poca de muita informa\u00e7\u00e3o e de f\u00e1cil acesso, onde o mindset DIY \u2013do it yourself \u2013 se [&hellip;]<\/p>\n","protected":false},"author":2,"featured_media":349,"comment_status":"open","ping_status":"open","sticky":false,"template":"","format":"standard","meta":{"inline_featured_image":false,"footnotes":""},"categories":[1],"tags":[15,57,18,22,17,20,21],"class_list":["post-277","post","type-post","status-publish","format-standard","has-post-thumbnail","hentry","category-imobiliario","tag-agente-imobiliario","tag-consultor-imobiliario","tag-mediacao-imobiliaria","tag-venda-do-imovel-pelo-proprio","tag-vender-casa","tag-vender-casa-portugal","tag-vender-casa-rapido"],"yoast_head":"<!-- This site is optimized with the Yoast SEO Premium plugin v21.9 (Yoast SEO v27.5) - https:\/\/yoast.com\/product\/yoast-seo-premium-wordpress\/ -->\n<title>Vender casa: Os motivos pelos quais n\u00e3o est\u00e1s a conseguir<\/title>\n<meta name=\"description\" content=\"O mercado imobili\u00e1rio continua em alta, e, a tarefa de vender casa pode dar mais trabalho do que aquilo que se possa pensar.\" \/>\n<meta name=\"robots\" content=\"index, follow, max-snippet:-1, max-image-preview:large, max-video-preview:-1\" \/>\n<link rel=\"canonical\" href=\"https:\/\/www.imovel.pt\/news\/imobiliario\/motivos-pelos-quais-nao-consegues-vender-casa\" \/>\n<meta property=\"og:locale\" content=\"pt_PT\" \/>\n<meta property=\"og:type\" content=\"article\" \/>\n<meta property=\"og:title\" content=\"Vender casa: Os motivos pelos quais n\u00e3o est\u00e1s a conseguir\" \/>\n<meta property=\"og:description\" content=\"O mercado imobili\u00e1rio continua em alta, e, a tarefa de vender casa pode dar mais trabalho do que aquilo que se possa pensar.\" \/>\n<meta property=\"og:url\" content=\"https:\/\/www.imovel.pt\/news\/imobiliario\/motivos-pelos-quais-nao-consegues-vender-casa\" \/>\n<meta property=\"og:site_name\" content=\"im\u00f3vel.pt News\" \/>\n<meta property=\"article:publisher\" content=\"https:\/\/www.facebook.com\/imovel.pt\" \/>\n<meta property=\"article:published_time\" content=\"2021-07-12T16:17:57+00:00\" \/>\n<meta property=\"article:modified_time\" content=\"2023-02-04T12:56:51+00:00\" \/>\n<meta property=\"og:image\" content=\"https:\/\/www.imovel.pt\/news\/wp-content\/uploads\/2021\/07\/vender-casa.jpg\" \/>\n\t<meta property=\"og:image:width\" content=\"740\" \/>\n\t<meta property=\"og:image:height\" content=\"493\" \/>\n\t<meta property=\"og:image:type\" content=\"image\/jpeg\" \/>\n<meta name=\"author\" content=\"im\u00f3vel.pt\" \/>\n<meta name=\"twitter:card\" content=\"summary_large_image\" \/>\n<meta name=\"twitter:label1\" content=\"Escrito por\" \/>\n\t<meta name=\"twitter:data1\" content=\"im\u00f3vel.pt\" \/>\n\t<meta name=\"twitter:label2\" content=\"Tempo estimado de leitura\" \/>\n\t<meta name=\"twitter:data2\" content=\"13 minutos\" \/>\n<script type=\"application\/ld+json\" class=\"yoast-schema-graph\">{\"@context\":\"https:\\\/\\\/schema.org\",\"@graph\":[{\"@type\":\"Article\",\"@id\":\"https:\\\/\\\/www.imovel.pt\\\/news\\\/imobiliario\\\/motivos-pelos-quais-nao-consegues-vender-casa#article\",\"isPartOf\":{\"@id\":\"https:\\\/\\\/www.imovel.pt\\\/news\\\/imobiliario\\\/motivos-pelos-quais-nao-consegues-vender-casa\"},\"author\":{\"name\":\"im\u00f3vel.pt\",\"@id\":\"https:\\\/\\\/www.imovel.pt\\\/news\\\/#\\\/schema\\\/person\\\/5d403e48cef3333473719d7916dc7ae4\"},\"headline\":\"Vender casa: Os motivos pelos quais n\u00e3o est\u00e1s a conseguir\",\"datePublished\":\"2021-07-12T16:17:57+00:00\",\"dateModified\":\"2023-02-04T12:56:51+00:00\",\"mainEntityOfPage\":{\"@id\":\"https:\\\/\\\/www.imovel.pt\\\/news\\\/imobiliario\\\/motivos-pelos-quais-nao-consegues-vender-casa\"},\"wordCount\":2412,\"commentCount\":0,\"publisher\":{\"@id\":\"https:\\\/\\\/www.imovel.pt\\\/news\\\/#organization\"},\"image\":{\"@id\":\"https:\\\/\\\/www.imovel.pt\\\/news\\\/imobiliario\\\/motivos-pelos-quais-nao-consegues-vender-casa#primaryimage\"},\"thumbnailUrl\":\"https:\\\/\\\/www.imovel.pt\\\/news\\\/wp-content\\\/uploads\\\/2021\\\/07\\\/vender-casa.jpg\",\"keywords\":[\"Agente imobili\u00e1rio\",\"Consultor Imobili\u00e1rio\",\"Media\u00e7\u00e3o Imobili\u00e1ria\",\"Venda do im\u00f3vel pelo pr\u00f3prio\",\"Vender casa\",\"Vender casa Portugal\",\"Vender casa r\u00e1pido\"],\"articleSection\":[\"Imobili\u00e1rio\"],\"inLanguage\":\"pt-PT\",\"potentialAction\":[{\"@type\":\"CommentAction\",\"name\":\"Comment\",\"target\":[\"https:\\\/\\\/www.imovel.pt\\\/news\\\/imobiliario\\\/motivos-pelos-quais-nao-consegues-vender-casa#respond\"]}]},{\"@type\":\"WebPage\",\"@id\":\"https:\\\/\\\/www.imovel.pt\\\/news\\\/imobiliario\\\/motivos-pelos-quais-nao-consegues-vender-casa\",\"url\":\"https:\\\/\\\/www.imovel.pt\\\/news\\\/imobiliario\\\/motivos-pelos-quais-nao-consegues-vender-casa\",\"name\":\"Vender casa: Os motivos pelos quais n\u00e3o est\u00e1s a conseguir\",\"isPartOf\":{\"@id\":\"https:\\\/\\\/www.imovel.pt\\\/news\\\/#website\"},\"primaryImageOfPage\":{\"@id\":\"https:\\\/\\\/www.imovel.pt\\\/news\\\/imobiliario\\\/motivos-pelos-quais-nao-consegues-vender-casa#primaryimage\"},\"image\":{\"@id\":\"https:\\\/\\\/www.imovel.pt\\\/news\\\/imobiliario\\\/motivos-pelos-quais-nao-consegues-vender-casa#primaryimage\"},\"thumbnailUrl\":\"https:\\\/\\\/www.imovel.pt\\\/news\\\/wp-content\\\/uploads\\\/2021\\\/07\\\/vender-casa.jpg\",\"datePublished\":\"2021-07-12T16:17:57+00:00\",\"dateModified\":\"2023-02-04T12:56:51+00:00\",\"description\":\"O mercado imobili\u00e1rio continua em alta, e, a tarefa de vender casa pode dar mais trabalho do que aquilo que se possa pensar.\",\"breadcrumb\":{\"@id\":\"https:\\\/\\\/www.imovel.pt\\\/news\\\/imobiliario\\\/motivos-pelos-quais-nao-consegues-vender-casa#breadcrumb\"},\"inLanguage\":\"pt-PT\",\"potentialAction\":[{\"@type\":\"ReadAction\",\"target\":[\"https:\\\/\\\/www.imovel.pt\\\/news\\\/imobiliario\\\/motivos-pelos-quais-nao-consegues-vender-casa\"]}]},{\"@type\":\"ImageObject\",\"inLanguage\":\"pt-PT\",\"@id\":\"https:\\\/\\\/www.imovel.pt\\\/news\\\/imobiliario\\\/motivos-pelos-quais-nao-consegues-vender-casa#primaryimage\",\"url\":\"https:\\\/\\\/www.imovel.pt\\\/news\\\/wp-content\\\/uploads\\\/2021\\\/07\\\/vender-casa.jpg\",\"contentUrl\":\"https:\\\/\\\/www.imovel.pt\\\/news\\\/wp-content\\\/uploads\\\/2021\\\/07\\\/vender-casa.jpg\",\"width\":740,\"height\":493,\"caption\":\"vender casa\"},{\"@type\":\"BreadcrumbList\",\"@id\":\"https:\\\/\\\/www.imovel.pt\\\/news\\\/imobiliario\\\/motivos-pelos-quais-nao-consegues-vender-casa#breadcrumb\",\"itemListElement\":[{\"@type\":\"ListItem\",\"position\":1,\"name\":\"In\u00edcio\",\"item\":\"https:\\\/\\\/www.imovel.pt\\\/news\"},{\"@type\":\"ListItem\",\"position\":2,\"name\":\"Vender casa: Os motivos pelos quais n\u00e3o est\u00e1s a conseguir\"}]},{\"@type\":\"WebSite\",\"@id\":\"https:\\\/\\\/www.imovel.pt\\\/news\\\/#website\",\"url\":\"https:\\\/\\\/www.imovel.pt\\\/news\\\/\",\"name\":\"im\u00f3vel.pt News\",\"description\":\"Dicas e Not\u00edcias sobre o mundo do mercado imobili\u00e1rio\",\"publisher\":{\"@id\":\"https:\\\/\\\/www.imovel.pt\\\/news\\\/#organization\"},\"alternateName\":\"im\u00f3vel.pt News\",\"potentialAction\":[{\"@type\":\"SearchAction\",\"target\":{\"@type\":\"EntryPoint\",\"urlTemplate\":\"https:\\\/\\\/www.imovel.pt\\\/news\\\/?s={search_term_string}\"},\"query-input\":{\"@type\":\"PropertyValueSpecification\",\"valueRequired\":true,\"valueName\":\"search_term_string\"}}],\"inLanguage\":\"pt-PT\"},{\"@type\":\"Organization\",\"@id\":\"https:\\\/\\\/www.imovel.pt\\\/news\\\/#organization\",\"name\":\"im\u00f3vel.pt News\",\"alternateName\":\"im\u00f3vel.pt News\",\"url\":\"https:\\\/\\\/www.imovel.pt\\\/news\\\/\",\"logo\":{\"@type\":\"ImageObject\",\"inLanguage\":\"pt-PT\",\"@id\":\"https:\\\/\\\/www.imovel.pt\\\/news\\\/#\\\/schema\\\/logo\\\/image\\\/\",\"url\":\"https:\\\/\\\/www.imovel.pt\\\/news\\\/wp-content\\\/uploads\\\/2022\\\/07\\\/logo-imovel.pt_.svg\",\"contentUrl\":\"https:\\\/\\\/www.imovel.pt\\\/news\\\/wp-content\\\/uploads\\\/2022\\\/07\\\/logo-imovel.pt_.svg\",\"width\":212,\"height\":57,\"caption\":\"im\u00f3vel.pt News\"},\"image\":{\"@id\":\"https:\\\/\\\/www.imovel.pt\\\/news\\\/#\\\/schema\\\/logo\\\/image\\\/\"},\"sameAs\":[\"https:\\\/\\\/www.facebook.com\\\/imovel.pt\",\"https:\\\/\\\/www.instagram.com\\\/imovel.pt\\\/\",\"https:\\\/\\\/www.tiktok.com\\\/@imovel.pt\"]},{\"@type\":\"Person\",\"@id\":\"https:\\\/\\\/www.imovel.pt\\\/news\\\/#\\\/schema\\\/person\\\/5d403e48cef3333473719d7916dc7ae4\",\"name\":\"im\u00f3vel.pt\",\"image\":{\"@type\":\"ImageObject\",\"inLanguage\":\"pt-PT\",\"@id\":\"https:\\\/\\\/www.imovel.pt\\\/news\\\/wp-content\\\/uploads\\\/2022\\\/07\\\/cropped-cropped-imovel.pt2_-96x96.jpg\",\"url\":\"https:\\\/\\\/www.imovel.pt\\\/news\\\/wp-content\\\/uploads\\\/2022\\\/07\\\/cropped-cropped-imovel.pt2_-96x96.jpg\",\"contentUrl\":\"https:\\\/\\\/www.imovel.pt\\\/news\\\/wp-content\\\/uploads\\\/2022\\\/07\\\/cropped-cropped-imovel.pt2_-96x96.jpg\",\"caption\":\"im\u00f3vel.pt\"}}]}<\/script>\n<!-- \/ Yoast SEO Premium plugin. -->","yoast_head_json":{"title":"Vender casa: Os motivos pelos quais n\u00e3o est\u00e1s a conseguir","description":"O mercado imobili\u00e1rio continua em alta, e, a tarefa de vender casa pode dar mais trabalho do que aquilo que se possa pensar.","robots":{"index":"index","follow":"follow","max-snippet":"max-snippet:-1","max-image-preview":"max-image-preview:large","max-video-preview":"max-video-preview:-1"},"canonical":"https:\/\/www.imovel.pt\/news\/imobiliario\/motivos-pelos-quais-nao-consegues-vender-casa","og_locale":"pt_PT","og_type":"article","og_title":"Vender casa: Os motivos pelos quais n\u00e3o est\u00e1s a conseguir","og_description":"O mercado imobili\u00e1rio continua em alta, e, a tarefa de vender casa pode dar mais trabalho do que aquilo que se possa pensar.","og_url":"https:\/\/www.imovel.pt\/news\/imobiliario\/motivos-pelos-quais-nao-consegues-vender-casa","og_site_name":"im\u00f3vel.pt News","article_publisher":"https:\/\/www.facebook.com\/imovel.pt","article_published_time":"2021-07-12T16:17:57+00:00","article_modified_time":"2023-02-04T12:56:51+00:00","og_image":[{"width":740,"height":493,"url":"https:\/\/www.imovel.pt\/news\/wp-content\/uploads\/2021\/07\/vender-casa.jpg","type":"image\/jpeg"}],"author":"im\u00f3vel.pt","twitter_card":"summary_large_image","twitter_misc":{"Escrito por":"im\u00f3vel.pt","Tempo estimado de leitura":"13 minutos"},"schema":{"@context":"https:\/\/schema.org","@graph":[{"@type":"Article","@id":"https:\/\/www.imovel.pt\/news\/imobiliario\/motivos-pelos-quais-nao-consegues-vender-casa#article","isPartOf":{"@id":"https:\/\/www.imovel.pt\/news\/imobiliario\/motivos-pelos-quais-nao-consegues-vender-casa"},"author":{"name":"im\u00f3vel.pt","@id":"https:\/\/www.imovel.pt\/news\/#\/schema\/person\/5d403e48cef3333473719d7916dc7ae4"},"headline":"Vender casa: Os motivos pelos quais n\u00e3o est\u00e1s a conseguir","datePublished":"2021-07-12T16:17:57+00:00","dateModified":"2023-02-04T12:56:51+00:00","mainEntityOfPage":{"@id":"https:\/\/www.imovel.pt\/news\/imobiliario\/motivos-pelos-quais-nao-consegues-vender-casa"},"wordCount":2412,"commentCount":0,"publisher":{"@id":"https:\/\/www.imovel.pt\/news\/#organization"},"image":{"@id":"https:\/\/www.imovel.pt\/news\/imobiliario\/motivos-pelos-quais-nao-consegues-vender-casa#primaryimage"},"thumbnailUrl":"https:\/\/www.imovel.pt\/news\/wp-content\/uploads\/2021\/07\/vender-casa.jpg","keywords":["Agente imobili\u00e1rio","Consultor Imobili\u00e1rio","Media\u00e7\u00e3o Imobili\u00e1ria","Venda do im\u00f3vel pelo pr\u00f3prio","Vender casa","Vender casa Portugal","Vender casa r\u00e1pido"],"articleSection":["Imobili\u00e1rio"],"inLanguage":"pt-PT","potentialAction":[{"@type":"CommentAction","name":"Comment","target":["https:\/\/www.imovel.pt\/news\/imobiliario\/motivos-pelos-quais-nao-consegues-vender-casa#respond"]}]},{"@type":"WebPage","@id":"https:\/\/www.imovel.pt\/news\/imobiliario\/motivos-pelos-quais-nao-consegues-vender-casa","url":"https:\/\/www.imovel.pt\/news\/imobiliario\/motivos-pelos-quais-nao-consegues-vender-casa","name":"Vender casa: Os motivos pelos quais n\u00e3o est\u00e1s a conseguir","isPartOf":{"@id":"https:\/\/www.imovel.pt\/news\/#website"},"primaryImageOfPage":{"@id":"https:\/\/www.imovel.pt\/news\/imobiliario\/motivos-pelos-quais-nao-consegues-vender-casa#primaryimage"},"image":{"@id":"https:\/\/www.imovel.pt\/news\/imobiliario\/motivos-pelos-quais-nao-consegues-vender-casa#primaryimage"},"thumbnailUrl":"https:\/\/www.imovel.pt\/news\/wp-content\/uploads\/2021\/07\/vender-casa.jpg","datePublished":"2021-07-12T16:17:57+00:00","dateModified":"2023-02-04T12:56:51+00:00","description":"O mercado imobili\u00e1rio continua em alta, e, a tarefa de vender casa pode dar mais trabalho do que aquilo que se possa pensar.","breadcrumb":{"@id":"https:\/\/www.imovel.pt\/news\/imobiliario\/motivos-pelos-quais-nao-consegues-vender-casa#breadcrumb"},"inLanguage":"pt-PT","potentialAction":[{"@type":"ReadAction","target":["https:\/\/www.imovel.pt\/news\/imobiliario\/motivos-pelos-quais-nao-consegues-vender-casa"]}]},{"@type":"ImageObject","inLanguage":"pt-PT","@id":"https:\/\/www.imovel.pt\/news\/imobiliario\/motivos-pelos-quais-nao-consegues-vender-casa#primaryimage","url":"https:\/\/www.imovel.pt\/news\/wp-content\/uploads\/2021\/07\/vender-casa.jpg","contentUrl":"https:\/\/www.imovel.pt\/news\/wp-content\/uploads\/2021\/07\/vender-casa.jpg","width":740,"height":493,"caption":"vender casa"},{"@type":"BreadcrumbList","@id":"https:\/\/www.imovel.pt\/news\/imobiliario\/motivos-pelos-quais-nao-consegues-vender-casa#breadcrumb","itemListElement":[{"@type":"ListItem","position":1,"name":"In\u00edcio","item":"https:\/\/www.imovel.pt\/news"},{"@type":"ListItem","position":2,"name":"Vender casa: Os motivos pelos quais n\u00e3o est\u00e1s a conseguir"}]},{"@type":"WebSite","@id":"https:\/\/www.imovel.pt\/news\/#website","url":"https:\/\/www.imovel.pt\/news\/","name":"im\u00f3vel.pt News","description":"Dicas e Not\u00edcias sobre o mundo do mercado imobili\u00e1rio","publisher":{"@id":"https:\/\/www.imovel.pt\/news\/#organization"},"alternateName":"im\u00f3vel.pt News","potentialAction":[{"@type":"SearchAction","target":{"@type":"EntryPoint","urlTemplate":"https:\/\/www.imovel.pt\/news\/?s={search_term_string}"},"query-input":{"@type":"PropertyValueSpecification","valueRequired":true,"valueName":"search_term_string"}}],"inLanguage":"pt-PT"},{"@type":"Organization","@id":"https:\/\/www.imovel.pt\/news\/#organization","name":"im\u00f3vel.pt News","alternateName":"im\u00f3vel.pt News","url":"https:\/\/www.imovel.pt\/news\/","logo":{"@type":"ImageObject","inLanguage":"pt-PT","@id":"https:\/\/www.imovel.pt\/news\/#\/schema\/logo\/image\/","url":"https:\/\/www.imovel.pt\/news\/wp-content\/uploads\/2022\/07\/logo-imovel.pt_.svg","contentUrl":"https:\/\/www.imovel.pt\/news\/wp-content\/uploads\/2022\/07\/logo-imovel.pt_.svg","width":212,"height":57,"caption":"im\u00f3vel.pt News"},"image":{"@id":"https:\/\/www.imovel.pt\/news\/#\/schema\/logo\/image\/"},"sameAs":["https:\/\/www.facebook.com\/imovel.pt","https:\/\/www.instagram.com\/imovel.pt\/","https:\/\/www.tiktok.com\/@imovel.pt"]},{"@type":"Person","@id":"https:\/\/www.imovel.pt\/news\/#\/schema\/person\/5d403e48cef3333473719d7916dc7ae4","name":"im\u00f3vel.pt","image":{"@type":"ImageObject","inLanguage":"pt-PT","@id":"https:\/\/www.imovel.pt\/news\/wp-content\/uploads\/2022\/07\/cropped-cropped-imovel.pt2_-96x96.jpg","url":"https:\/\/www.imovel.pt\/news\/wp-content\/uploads\/2022\/07\/cropped-cropped-imovel.pt2_-96x96.jpg","contentUrl":"https:\/\/www.imovel.pt\/news\/wp-content\/uploads\/2022\/07\/cropped-cropped-imovel.pt2_-96x96.jpg","caption":"im\u00f3vel.pt"}}]}},"_links":{"self":[{"href":"https:\/\/www.imovel.pt\/news\/wp-json\/wp\/v2\/posts\/277","targetHints":{"allow":["GET"]}}],"collection":[{"href":"https:\/\/www.imovel.pt\/news\/wp-json\/wp\/v2\/posts"}],"about":[{"href":"https:\/\/www.imovel.pt\/news\/wp-json\/wp\/v2\/types\/post"}],"author":[{"embeddable":true,"href":"https:\/\/www.imovel.pt\/news\/wp-json\/wp\/v2\/users\/2"}],"replies":[{"embeddable":true,"href":"https:\/\/www.imovel.pt\/news\/wp-json\/wp\/v2\/comments?post=277"}],"version-history":[{"count":31,"href":"https:\/\/www.imovel.pt\/news\/wp-json\/wp\/v2\/posts\/277\/revisions"}],"predecessor-version":[{"id":2721,"href":"https:\/\/www.imovel.pt\/news\/wp-json\/wp\/v2\/posts\/277\/revisions\/2721"}],"wp:featuredmedia":[{"embeddable":true,"href":"https:\/\/www.imovel.pt\/news\/wp-json\/wp\/v2\/media\/349"}],"wp:attachment":[{"href":"https:\/\/www.imovel.pt\/news\/wp-json\/wp\/v2\/media?parent=277"}],"wp:term":[{"taxonomy":"category","embeddable":true,"href":"https:\/\/www.imovel.pt\/news\/wp-json\/wp\/v2\/categories?post=277"},{"taxonomy":"post_tag","embeddable":true,"href":"https:\/\/www.imovel.pt\/news\/wp-json\/wp\/v2\/tags?post=277"}],"curies":[{"name":"wp","href":"https:\/\/api.w.org\/{rel}","templated":true}]}}