{"id":2295,"date":"2022-09-13T16:46:50","date_gmt":"2022-09-13T14:46:50","guid":{"rendered":"https:\/\/www.imovel.pt\/news\/?p=2295"},"modified":"2022-10-04T21:07:30","modified_gmt":"2022-10-04T19:07:30","slug":"nrau","status":"publish","type":"post","link":"https:\/\/www.imovel.pt\/news\/imobiliario\/nrau","title":{"rendered":"NRAU: Novo Regime do Arrendamento Urbano explicado"},"content":{"rendered":"<p>Sejas senhorio ou arrendat\u00e1rio, fica a conhecer todos os detalhes do NRAU \u2013 o Novo Regime do Arrendamento Urbano e as respetivas atualiza\u00e7\u00f5es. Este documento vem democratizar o mercado, atribuindo mais flexibilidade aos propriet\u00e1rios, mas tamb\u00e9m mais direitos para os inquilinos.<\/p>\n<p><span style=\"text-decoration: underline;\"><strong>\u00cdndice de Conte\u00fados<\/strong><\/span><\/p>\n<p><span style=\"color: #ea2432;\">O que \u00e9 o NRAU?<\/span><br \/>\n<span style=\"color: #ea2432;\">A quem se destina?<\/span><br \/>\n<span style=\"color: #ea2432;\">Quais as principais altera\u00e7\u00f5es ao NRAU?<\/span><br \/>\n<span style=\"color: #ea2432;\">Legisla\u00e7\u00e3o aplic\u00e1vel<\/span><br \/>\n<span style=\"color: #ea2432;\">NRAU atualizado para download<\/span><\/p>\n<p>&nbsp;<\/p>\n<p>O Regime do Arrendamento Urbano nasce em 2006, no entanto, em <strong>2012 foi criado o Novo Regime do Arrendamento Urbano (NRAU)<\/strong> com o intuito de colmatar algumas falhas detetadas na legisla\u00e7\u00e3o do mercado de arrendamento.<\/p>\n<p>Depois disto sucederam-se altera\u00e7\u00f5es substanciais \u00e0 lei, nomeadamente, em 2019 e que passamos a expor adiante neste artigo. No final, poder\u00e1s fazer download do NRAU atualizado.<\/p>\n<p>&nbsp;<\/p>\n<h2>O que \u00e9 o NRAU?<\/h2>\n<p>O NRAU \u2013 Novo Regime do Arrendamento Urbano \u00e9 a <strong>legisla\u00e7\u00e3o aplic\u00e1vel ao mercado do arrendamento imobili\u00e1rio<\/strong>, que procede \u00e0 revis\u00e3o do regime jur\u00eddico do arrendamento urbano, pela <span style=\"text-decoration: underline;\"><a href=\"https:\/\/dre.pt\/dre\/detalhe\/lei\/31-2012-175305\" target=\"_blank\" rel=\"noopener\">Lei n.\u00ba 31\/2012<\/a><\/span>, em vigor desde dezembro de 2012. A sua consolida\u00e7\u00e3o veio colmatar diversas falhas reveladas pela reforma do arrendamento urbano de 2006, tais como a insuficiente resposta a problemas com <span style=\"text-decoration: underline;\"><a href=\"https:\/\/www.imovel.pt\/news\/imobiliario\/contrato-de-arrendamento\">contratos de arrendamento<\/a><\/span> anteriores a 1990, a realiza\u00e7\u00e3o de obras de reabilita\u00e7\u00e3o em im\u00f3veis <span style=\"text-decoration: underline;\"><a href=\"https:\/\/www.imovel.pt\/news\/imobiliario\/arrendar-casa\">arrendados<\/a><\/span>, e at\u00e9 com os procedimentos de despejo. O NRAU contempla agora uma s\u00e9rie de medidas cujo prop\u00f3sito visa a dinamiza\u00e7\u00e3o do mercado do arrendamento urbano.<\/p>\n<figure id=\"attachment_2309\" aria-describedby=\"caption-attachment-2309\" style=\"width: 2298px\" class=\"wp-caption aligncenter\"><img loading=\"lazy\" decoding=\"async\" class=\"wp-image-2309 size-full\" src=\"https:\/\/www.imovel.pt\/news\/wp-content\/uploads\/2022\/09\/Lei-n.o-312012-de-14-de-agosto.png\" alt=\"\" width=\"2298\" height=\"1556\" srcset=\"https:\/\/www.imovel.pt\/news\/wp-content\/uploads\/2022\/09\/Lei-n.o-312012-de-14-de-agosto.png 2298w, https:\/\/www.imovel.pt\/news\/wp-content\/uploads\/2022\/09\/Lei-n.o-312012-de-14-de-agosto-300x203.png 300w, https:\/\/www.imovel.pt\/news\/wp-content\/uploads\/2022\/09\/Lei-n.o-312012-de-14-de-agosto-1024x693.png 1024w, https:\/\/www.imovel.pt\/news\/wp-content\/uploads\/2022\/09\/Lei-n.o-312012-de-14-de-agosto-768x520.png 768w, https:\/\/www.imovel.pt\/news\/wp-content\/uploads\/2022\/09\/Lei-n.o-312012-de-14-de-agosto-1536x1040.png 1536w, https:\/\/www.imovel.pt\/news\/wp-content\/uploads\/2022\/09\/Lei-n.o-312012-de-14-de-agosto-2048x1387.png 2048w\" sizes=\"auto, (max-width: 2298px) 100vw, 2298px\" \/><figcaption id=\"caption-attachment-2309\" class=\"wp-caption-text\">Fonte: dre.pt<\/figcaption><\/figure>\n<p>&nbsp;<\/p>\n<h2>A quem se destina?<\/h2>\n<p>O NRAU <strong>afeta senhorios e arrendat\u00e1rios<\/strong>, atribuindo mais flexibilidade aos propriet\u00e1rios relativamente aos termos previamente acordados com os inquilinos. No entanto, tamb\u00e9m sofre as necess\u00e1rias adapta\u00e7\u00f5es para a prote\u00e7\u00e3o dos inquilinos com rendimentos baixos, permitindo que estes contestem a atualiza\u00e7\u00e3o das suas rendas caso consigam provar que os seus rendimentos s\u00e3o insuficientes.<\/p>\n<p>Este novo regime, afeta de igual forma, os contratos habitacionais celebrados antes de 1990, ou seja, antes da vig\u00eancia do Regime do Arrendamento Urbano, e de contratos n\u00e3o habitacionais celebrados antes de 1995.<\/p>\n<p>&nbsp;<\/p>\n<h2>Quais as principais altera\u00e7\u00f5es ao NRAU?<\/h2>\n<p>As \u00faltimas altera\u00e7\u00f5es a este regime do arrendamento urbano ocorreram em 2019, as quais se podem resumir nos <strong>seguintes pontos:<\/strong><\/p>\n<ol>\n<li>Dura\u00e7\u00e3o dos <span style=\"text-decoration: underline;\"><a href=\"https:\/\/www.imovel.pt\/news\/imobiliario\/contrato-de-arrendamento\">contratos de arrendamento<\/a><\/span><\/li>\n<li>Atualiza\u00e7\u00e3o das rendas<\/li>\n<li>Realiza\u00e7\u00e3o de obras em pr\u00e9dios arrendados<\/li>\n<li>Procedimento especial de despejo<\/li>\n<li>Incentivos fiscais do NRAU<\/li>\n<li><span style=\"text-decoration: underline;\"><a href=\"https:\/\/www.imovel.pt\/news\/imobiliario\/contrato-de-arrendamento\">Rescis\u00e3o leg\u00edtima de contrato<\/a><\/span><\/li>\n<li><span style=\"text-decoration: underline;\"><a href=\"https:\/\/www.imovel.pt\/news\/imobiliario\/arrendar-casa-hipotecada\">Arrendamento de casa com Cr\u00e9dito Habita\u00e7\u00e3o<\/a><\/span><\/li>\n<li><span style=\"text-decoration: underline;\"><a href=\"https:\/\/www.imovel.pt\/news\/imobiliario\/arrendamento-acessivel\">Arrendamento acess\u00edvel<\/a><\/span><\/li>\n<li>Direitos dos arrendat\u00e1rios<\/li>\n<li>Ass\u00e9dio no Arrendamento<\/li>\n<\/ol>\n<p>&nbsp;<\/p>\n<h4>1. Dura\u00e7\u00e3o dos contratos de arrendamento<\/h4>\n<p>De acordo com os artigos 1094.\u00ba e seguintes do NRAU (legisla\u00e7\u00e3o consolidada), o <strong>contrato de arrendamento urbano para fins habitacionais<\/strong> pode celebrar-se com prazo certo ou por dura\u00e7\u00e3o indeterminada. No sil\u00eancio das partes, o contrato considera-se de dura\u00e7\u00e3o indeterminada.<\/p>\n<p>Nos <strong>contratos a prazo certo<\/strong>, este n\u00e3o pode ser inferior a um ano, podendo convencionar-se que ap\u00f3s a primeira renova\u00e7\u00e3o o arrendamento passa a ter dura\u00e7\u00e3o indeterminada. No que diz respeito \u00e0 renova\u00e7\u00e3o autom\u00e1tica, o contrato celebrado com prazo certo renova-se automaticamente no seu termo e por per\u00edodos m\u00ednimos sucessivos de tr\u00eas anos, se outros n\u00e3o estiverem contratualmente previstos, exceto se celebrado para habita\u00e7\u00e3o n\u00e3o permanente ou para fim especial transit\u00f3rio.<\/p>\n<p>O <strong>contrato de dura\u00e7\u00e3o indeterminada<\/strong> cessa por den\u00fancia de uma das partes.<\/p>\n<p>Conforme o disposto no artigo 1110.\u00ba do NRAU (legisla\u00e7\u00e3o consolidada) as regras relativas \u00e0 dura\u00e7\u00e3o e renova\u00e7\u00e3o dos <strong>contratos de arrendamento para fins n\u00e3o habitacionais<\/strong> s\u00e3o livremente estabelecidas pelas partes.<\/p>\n<p>Contudo,<strong> se for estipulado um prazo<\/strong>, o contrato renova-se automaticamente por um per\u00edodo de cinco anos. <strong>Na falta de estipula\u00e7\u00e3o<\/strong>, considera-se celebrado com prazo certo pelo per\u00edodo de 10 anos, renovando-se automaticamente por per\u00edodos sucessivos de igual dura\u00e7\u00e3o.<\/p>\n<p>Nos cinco primeiros anos, independentemente do prazo, o senhorio n\u00e3o pode opor-se \u00e0 renova\u00e7\u00e3o do contrato.<\/p>\n<p>&nbsp;<\/p>\n<h4>2. Atualiza\u00e7\u00e3o das rendas<\/h4>\n<p>De acordo com o artigo 1077\u00ba do NRAU (legisla\u00e7\u00e3o consolidada), as partes envolvidas devem estipular por escrito a possibilidade de atualiza\u00e7\u00e3o da renda e o respetivo regime. Na falta de estipula\u00e7\u00e3o, a renda pode ser atualizada anualmente de acordo com os coeficientes de atualiza\u00e7\u00e3o vigentes. Estes podem ser consultados no <span style=\"text-decoration: underline;\"><a href=\"https:\/\/www.portaldahabitacao.pt\/coeficientes-de-atualizacao-de-rendas\" target=\"_blank\" rel=\"noopener\">Portal da Habita\u00e7\u00e3o<\/a><\/span>. O senhorio deve comunicar por escrito, com uma anteced\u00eancia m\u00ednima de 30 dias consecutivos, o coeficiente de atualiza\u00e7\u00e3o e a renda da\u00ed resultante.<\/p>\n<figure id=\"attachment_2311\" aria-describedby=\"caption-attachment-2311\" style=\"width: 1480px\" class=\"wp-caption aligncenter\"><img loading=\"lazy\" decoding=\"async\" class=\"wp-image-2311 size-full\" src=\"https:\/\/www.imovel.pt\/news\/wp-content\/uploads\/2022\/09\/Atualizacao-das-rendas.png\" alt=\"nrau\" width=\"1480\" height=\"986\" srcset=\"https:\/\/www.imovel.pt\/news\/wp-content\/uploads\/2022\/09\/Atualizacao-das-rendas.png 1480w, https:\/\/www.imovel.pt\/news\/wp-content\/uploads\/2022\/09\/Atualizacao-das-rendas-300x200.png 300w, https:\/\/www.imovel.pt\/news\/wp-content\/uploads\/2022\/09\/Atualizacao-das-rendas-1024x682.png 1024w, https:\/\/www.imovel.pt\/news\/wp-content\/uploads\/2022\/09\/Atualizacao-das-rendas-768x512.png 768w\" sizes=\"auto, (max-width: 1480px) 100vw, 1480px\" \/><figcaption id=\"caption-attachment-2311\" class=\"wp-caption-text\">Fonte: portaldahabitacao.pt<\/figcaption><\/figure>\n<p>No que diz respeito aos <strong>contratos antigos <\/strong>(anteriores a 1990 e 1995), a atualiza\u00e7\u00e3o do valor da renda acontece noutros moldes. Nestes casos deve ser implementado um regime especial de atualiza\u00e7\u00e3o da renda, salvaguardando-se, no entanto, as situa\u00e7\u00f5es de car\u00eancia econ\u00f3mica. Neste \u00faltimo caso cabe \u00e0 Seguran\u00e7a Social dar a devida resposta e acompanhamento. Tamb\u00e9m os casos em que o arrendat\u00e1rio tenha 65 ou mais anos ou um grau de incapacidade igual ou superior a 60% est\u00e3o protegidos pelo NRAU. Estes s\u00f3 transitam de regime ou cessam o contrato, mediante acordo entre as partes.<\/p>\n<p>O regime especial de atualiza\u00e7\u00e3o da renda, descrito no artigo 38.\u00ba do NRAU (legisla\u00e7\u00e3o consolidada) indica que a referida atualiza\u00e7\u00e3o \u00e9 feita de forma faseada ao longo de cinco anos em situa\u00e7\u00f5es normais. Pode ser feita ao longo de dois anos se o agregado familiar dispuser de um rendimento anual superior a 15 vezes a retribui\u00e7\u00e3o m\u00ednima anual, ou, ao longo de 10 anos quando o arrendat\u00e1rio invoque uma situa\u00e7\u00e3o de car\u00eancia econ\u00f3mica.<\/p>\n<p><strong>\u00a0<\/strong><\/p>\n<h4>3. Realiza\u00e7\u00e3o de obras em pr\u00e9dios arrendados<\/h4>\n<p>Nos contratos celebrados para fins habitacionais, estabelece o <strong>artigo 1074\u00ba<\/strong> que \u00e9 da compet\u00eancia do senhorio a realiza\u00e7\u00e3o de obras de conserva\u00e7\u00e3o, havendo a possibilidade de estas serem realizadas pelo arrendat\u00e1rio quando autorizado pelo senhorio. Nesta \u00faltima situa\u00e7\u00e3o, o arrendat\u00e1rio tem direito a compensa\u00e7\u00e3o pelas obras realizadas, no final do contrato.<\/p>\n<p>Nos contratos celebrados para fins n\u00e3o habitacionais, o artigo 1111\u00ba estabelece que as regras relativas \u00e0 responsabilidade pela realiza\u00e7\u00e3o das obras de conserva\u00e7\u00e3o, ordin\u00e1ria ou extraordin\u00e1ria, requeridas por lei ou pelo fim do contrato, s\u00e3o livremente estabelecidas pelas partes. Se nada for convencionado, cabe ao senhorio a execu\u00e7\u00e3o destas obras, considerando-se o arrendat\u00e1rio autorizado a realiz\u00e1-las.<\/p>\n<p><strong>\u00a0<\/strong><\/p>\n<h4>4. Procedimento especial de despejo<\/h4>\n<p>O NRAU prev\u00ea agora um procedimento especial e extrajudicial de despejo, que visa tornar mais simples e menos morosa a desocupa\u00e7\u00e3o do im\u00f3vel arrendado em caso de incumprimento por parte do arrendat\u00e1rio. Para a resolu\u00e7\u00e3o das tramita\u00e7\u00f5es legais em casos de despejo foi criado <span style=\"text-decoration: underline;\"><a href=\"https:\/\/bna.mj.pt\/\" target=\"_blank\" rel=\"noopener\">Balc\u00e3o Nacional de Arrendamento<\/a><\/span>.<\/p>\n<p>Este procedimento de despejo n\u00e3o se aplica a arrendat\u00e1rios <strong>idosos ou a pessoas com defici\u00eancia<\/strong>, com <span style=\"text-decoration: underline;\"><a href=\"https:\/\/www.imovel.pt\/news\/imobiliario\/contrato-de-arrendamento\">contratos de arrendamento<\/a><\/span> assinados <strong>entre 1990 e 1999<\/strong>, exceto em situa\u00e7\u00f5es em que a habita\u00e7\u00e3o tenha que sofrer obras profundas.<\/p>\n<p><strong>\u00a0<\/strong><\/p>\n<h4>5. Incentivos fiscais do NRAU<\/h4>\n<p>Com o intuito de promover a estabilidade do mercado e incentivar o <span style=\"text-decoration: underline;\"><a href=\"https:\/\/www.imovel.pt\/news\/imobiliario\/anunciadas-novas-regras-na-publicacao-de-anuncios-para-arrendar-casa\">arrendamento<\/a><\/span>, o Governo definiu a atribui\u00e7\u00e3o de incentivos fiscais aos senhorios que optem por celebrar contratos com maior dura\u00e7\u00e3o. A aplica\u00e7\u00e3o deste incentivo observa-se na redu\u00e7\u00e3o de taxas de imposto, que podem passar dos atuais <strong>28% para o m\u00e1ximo de 10%<\/strong>.<\/p>\n<p>Contratos com dura\u00e7\u00e3o entre 2 a 5 anos: a taxa de imposto baixa para 26%.<\/p>\n<p>Contratos com dura\u00e7\u00e3o entre 5 e 10 anos: a taxa de imposto passa para 23%.<\/p>\n<p>Contratos com dura\u00e7\u00e3o entre 10 e 20 anos: a taxa de imposto passa para 18%.<\/p>\n<p>Fonte: comparaja.pt<\/p>\n<p>&nbsp;<\/p>\n<h4>6. Rescis\u00e3o leg\u00edtima de contrato<\/h4>\n<p>O NRAU prev\u00ea agora a possibilidade de <span style=\"text-decoration: underline;\"><a href=\"https:\/\/www.imovel.pt\/news\/imobiliario\/contrato-de-arrendamento\">rescis\u00e3o leg\u00edtima do contrato<\/a><\/span> caso o senhorio necessite de habitar a casa ou esta tenha que ser demolida. Tamb\u00e9m prev\u00ea a hip\u00f3tese de suspens\u00e3o do <a href=\"https:\/\/www.imovel.pt\/news\/imobiliario\/contrato-de-arrendamento\">contrato de arrendamento<\/a>, no caso de a habita\u00e7\u00e3o precisar de obras profundas. Nesta situa\u00e7\u00e3o o arrendat\u00e1rio tem o direito a ser realojado em habita\u00e7\u00e3o equivalente.<\/p>\n<p>Em caso de <span style=\"text-decoration: underline;\"><a href=\"https:\/\/www.imovel.pt\/news\/imobiliario\/contrato-de-arrendamento\">rescis\u00e3o<\/a><\/span>, o senhorio fica isento de pagar IRS pela indemniza\u00e7\u00e3o paga ao arrendat\u00e1rio.<\/p>\n<p>Existe uma exce\u00e7\u00e3o para inquilinos que vivam no im\u00f3vel em causa <strong>h\u00e1 mais de 15 anos<\/strong>. Nestes casos o contrato s\u00f3 pode ser rescindido em caso de demoli\u00e7\u00e3o da habita\u00e7\u00e3o ou para a realiza\u00e7\u00e3o de obras profundas que obriguem \u00e0 sa\u00edda dos inquilinos.<\/p>\n<p><strong>\u00a0<\/strong><\/p>\n<h4>7. <span style=\"text-decoration: underline;\"><a href=\"https:\/\/www.imovel.pt\/news\/imobiliario\/arrendar-casa-hipotecada\">Arrendamento de casa com Cr\u00e9dito Habita\u00e7\u00e3o<\/a><\/span><\/h4>\n<p>O NRAU permite que os im\u00f3veis adquiridos com recurso a <span style=\"text-decoration: underline;\"><a href=\"https:\/\/www.imovel.pt\/news\/imobiliario\/credito-habitacao-tudo-que-tens-que-saber\">cr\u00e9dito habita\u00e7\u00e3o<\/a><\/span> e, cuja amortiza\u00e7\u00e3o ainda esteja a decorrer, possam ser arrendados sem que o contrato de cr\u00e9dito sofra penaliza\u00e7\u00f5es no spread.<\/p>\n<p><strong>\u00a0<\/strong><\/p>\n<h4>8. <span style=\"text-decoration: underline;\"><a href=\"https:\/\/www.imovel.pt\/news\/imobiliario\/arrendamento-acessivel\">Arrendamento acess\u00edvel<\/a><\/span><\/h4>\n<p>O NRAU criou o <span style=\"text-decoration: underline;\"><a href=\"https:\/\/www.imovel.pt\/news\/imobiliario\/arrendamento-acessivel\" rel=\"noopener\">programa de arrendamento acess\u00edvel<\/a><\/span> que permite aos senhorios beneficiar da isen\u00e7\u00e3o total de IRS e IRC sobre os rendimentos prediais, se estes estabelecerem rendas mais acess\u00edveis. Para que possam ingressar neste programa, os senhorios devem praticar valores de renda inferiores a 20% dos pre\u00e7os de mercado e de forma a que n\u00e3o representem taxas de esfor\u00e7o superiores a 35% para os arrendat\u00e1rios. Pode ser aplicado a <span style=\"text-decoration: underline;\"><a href=\"https:\/\/www.imovel.pt\/news\/imobiliario\/contrato-de-arrendamento\">contratos de arrendamento<\/a><\/span> com uma dura\u00e7\u00e3o m\u00ednima de tr\u00eas anos, ou 9 meses nos contratos com estudantes.<\/p>\n<p>Outro benef\u00edcio para propriet\u00e1rios \u00e9 o IVA a 6% em constru\u00e7\u00f5es para arrendamento, cujas rendas devem ter valores acess\u00edveis por 25 anos.<\/p>\n<figure id=\"attachment_2313\" aria-describedby=\"caption-attachment-2313\" style=\"width: 2480px\" class=\"wp-caption aligncenter\"><img loading=\"lazy\" decoding=\"async\" class=\"wp-image-2313 size-full\" src=\"https:\/\/www.imovel.pt\/news\/wp-content\/uploads\/2022\/09\/8.-Arrendamento-acessivel.png\" alt=\"nrau\" width=\"2480\" height=\"1680\" srcset=\"https:\/\/www.imovel.pt\/news\/wp-content\/uploads\/2022\/09\/8.-Arrendamento-acessivel.png 2480w, https:\/\/www.imovel.pt\/news\/wp-content\/uploads\/2022\/09\/8.-Arrendamento-acessivel-300x203.png 300w, https:\/\/www.imovel.pt\/news\/wp-content\/uploads\/2022\/09\/8.-Arrendamento-acessivel-1024x694.png 1024w, https:\/\/www.imovel.pt\/news\/wp-content\/uploads\/2022\/09\/8.-Arrendamento-acessivel-768x520.png 768w, https:\/\/www.imovel.pt\/news\/wp-content\/uploads\/2022\/09\/8.-Arrendamento-acessivel-1536x1041.png 1536w, https:\/\/www.imovel.pt\/news\/wp-content\/uploads\/2022\/09\/8.-Arrendamento-acessivel-2048x1387.png 2048w\" sizes=\"auto, (max-width: 2480px) 100vw, 2480px\" \/><figcaption id=\"caption-attachment-2313\" class=\"wp-caption-text\">Fonte: portaldahabitacao.pt<\/figcaption><\/figure>\n<p><strong>\u00a0<\/strong><\/p>\n<h4>9. Direitos dos arrendat\u00e1rios<\/h4>\n<p>O NRAU veio implementar o <span style=\"text-decoration: underline;\"><a href=\"https:\/\/tribunais.org.pt\/Arrendamento-e-despejo\/Procedimento-de-injuncao-em-materia-de-arrendamento\" target=\"_blank\" rel=\"noopener\">Servi\u00e7o de Injun\u00e7\u00e3o em Mat\u00e9ria de Arrendamento<\/a><\/span> (SIMA) cujo objetivo pretende defender os direitos dos arrendat\u00e1rios em situa\u00e7\u00f5es como o reembolso das despesas suportadas com obras de reabilita\u00e7\u00e3o.<\/p>\n<p>Para al\u00e9m disto, o Novo Regime do Arrendamento Urbano apresenta uma nova medida para proteger idosos e pessoas com defici\u00eancia. Esta medida estabelece que os inquilinos n\u00e3o podem ser despejados da habita\u00e7\u00e3o<strong> desde que nela vivam h\u00e1 mais de 20 anos<\/strong>, salvo se o im\u00f3vel precisar de obras profundas.<\/p>\n<p><strong>\u00a0<\/strong><\/p>\n<h4>10. Ass\u00e9dio no Arrendamento<\/h4>\n<p>A Lei n.\u00ba 12\/2019 introduziu a proibi\u00e7\u00e3o de ass\u00e9dio no arrendamento que, com o objetivo de provocar a desocupa\u00e7\u00e3o do im\u00f3vel, os sujeite a um ambiente intimidativo, hostil, degradante, perigoso, humilhante, desestabilizador ou ofensivo. Sem preju\u00edzo da responsabilidade civil, criminal ou contraordenacional decorrente destes atos, o arrendat\u00e1rio pode intimar o senhorio a tomar provid\u00eancias no sentido de terminar com os atos de ass\u00e9dio.<\/p>\n<p>&nbsp;<\/p>\n<h2>Legisla\u00e7\u00e3o aplic\u00e1vel<\/h2>\n<p>A Lei n.\u00ba 6\/2006, de 27 de fevereiro, aprova o NRAU, posteriormente <strong>alterado pelas leis:<\/strong><\/p>\n<p><span style=\"text-decoration: underline;\"><a href=\"https:\/\/dre.pt\/dre\/detalhe\/lei\/12-2019-119397714\" target=\"_blank\" rel=\"noopener\">Lei n.\u00ba 12\/2019, de 12 de fevereiro<\/a><\/span> \u2013 Pro\u00edbe e pune o ass\u00e9dio no <span style=\"text-decoration: underline;\"><a href=\"https:\/\/www.imovel.pt\/news\/imobiliario\/arrendar-casa\">arrendamento<\/a><\/span>;<\/p>\n<p><span style=\"text-decoration: underline;\"><a href=\"https:\/\/dre.pt\/dre\/detalhe\/lei\/13-2019-119397715\" target=\"_blank\" rel=\"noopener\">Lei n.\u00ba 13\/2019, de 12 de fevereiro<\/a><\/span> \u2013 Corrige situa\u00e7\u00f5es de desequil\u00edbrio entre arrendat\u00e1rios e senhorios, refor\u00e7a a seguran\u00e7a e a estabilidade do arrendamento urbano e protege arrendat\u00e1rios em situa\u00e7\u00e3o de especial fragilidade;<\/p>\n<p><span style=\"text-decoration: underline;\"><a href=\"https:\/\/dre.pt\/dre\/detalhe\/lei\/2-2020-130893436\" target=\"_blank\" rel=\"noopener\">Lei n.\u00ba 2\/2020, de 31 de mar\u00e7o<\/a><\/span> \u2013 Or\u00e7amento de Estado para 2020;<\/p>\n<p><span style=\"text-decoration: underline;\"><a href=\"https:\/\/dre.pt\/dre\/detalhe\/lei\/12-2022-185224662\" target=\"_blank\" rel=\"noopener\">Lei n.\u00ba 12\/2022, de 27 de junho<\/a><\/span> \u2013 Or\u00e7amento de Estado para 2022.<\/p>\n<p>A <span style=\"text-decoration: underline;\"><a href=\"https:\/\/dre.pt\/dre\/detalhe\/lei\/31-2012-175305\" target=\"_blank\" rel=\"noopener\">Lei n.\u00ba 31\/2012, de 14 de agosto<\/a><\/span> procede \u00e0 revis\u00e3o do regime jur\u00eddico do arrendamento urbano.<\/p>\n<p>&nbsp;<\/p>\n<h2>NRAU atualizado para download<\/h2>\n<p><strong>Disponibilizamos-te para download a vers\u00e3o consolidada do NRAU.<\/strong> Este documento contempla todas as altera\u00e7\u00f5es introduzidas, facilitando a sua consulta.<\/p>\n<p><span style=\"text-decoration: underline;\"><a href=\"\/news\/wp-content\/uploads\/2022\/09\/NRAU_Consolidacao-Lei-n.o-6_2006-Diario-da-Republica-n.o-41_2006-Serie-I-A-de-2006-02-27.pdf\" target=\"_blank\" rel=\"noopener\"><strong>Faz o download aqui.<\/strong><\/a><\/span><\/p>\n<figure id=\"attachment_2315\" aria-describedby=\"caption-attachment-2315\" style=\"width: 1834px\" class=\"wp-caption aligncenter\"><img loading=\"lazy\" decoding=\"async\" class=\"wp-image-2315 size-full\" src=\"https:\/\/www.imovel.pt\/news\/wp-content\/uploads\/2022\/09\/NRAU-atualizado-para-download.png\" alt=\"nrau\" width=\"1834\" height=\"1458\" srcset=\"https:\/\/www.imovel.pt\/news\/wp-content\/uploads\/2022\/09\/NRAU-atualizado-para-download.png 1834w, https:\/\/www.imovel.pt\/news\/wp-content\/uploads\/2022\/09\/NRAU-atualizado-para-download-300x238.png 300w, https:\/\/www.imovel.pt\/news\/wp-content\/uploads\/2022\/09\/NRAU-atualizado-para-download-1024x814.png 1024w, https:\/\/www.imovel.pt\/news\/wp-content\/uploads\/2022\/09\/NRAU-atualizado-para-download-768x611.png 768w, https:\/\/www.imovel.pt\/news\/wp-content\/uploads\/2022\/09\/NRAU-atualizado-para-download-1536x1221.png 1536w\" sizes=\"auto, (max-width: 1834px) 100vw, 1834px\" \/><figcaption id=\"caption-attachment-2315\" class=\"wp-caption-text\">Fonte: dre.pt<\/figcaption><\/figure>\n<p>Este artigo foi redigido com base na vers\u00e3o datada de 27 de junho de 2022 do Novo Regime do Arrendamento Urbano \u2013 Lei n.\u00ba 6\/2006.<\/p>\n","protected":false},"excerpt":{"rendered":"<p>Sejas senhorio ou arrendat\u00e1rio, fica a conhecer todos os detalhes do NRAU \u2013 o Novo Regime do Arrendamento Urbano e as respetivas atualiza\u00e7\u00f5es. Este documento vem democratizar o mercado, atribuindo mais flexibilidade aos propriet\u00e1rios, mas tamb\u00e9m mais direitos para os inquilinos. \u00cdndice de Conte\u00fados O que \u00e9 o NRAU? A quem se destina? Quais as [&hellip;]<\/p>\n","protected":false},"author":2,"featured_media":2308,"comment_status":"open","ping_status":"open","sticky":false,"template":"","format":"standard","meta":{"inline_featured_image":false,"footnotes":""},"categories":[1],"tags":[234,27,166,233],"class_list":["post-2295","post","type-post","status-publish","format-standard","has-post-thumbnail","hentry","category-imobiliario","tag-arrendamento-urbano","tag-arrendar-casa","tag-contrato-de-arrendamento","tag-nrau"],"yoast_head":"<!-- This site is optimized with the Yoast SEO Premium plugin v21.9 (Yoast SEO v27.5) - https:\/\/yoast.com\/product\/yoast-seo-premium-wordpress\/ -->\n<title>NRAU: Novo Regime do Arrendamento Urbano explicado<\/title>\n<meta name=\"description\" content=\"Fica a conhecer todos os detalhes do NRAU \u2013 o Novo Regime do Arrendamento Urbano e as respetivas atualiza\u00e7\u00f5es.\" \/>\n<meta name=\"robots\" content=\"index, follow, max-snippet:-1, max-image-preview:large, max-video-preview:-1\" \/>\n<link rel=\"canonical\" href=\"https:\/\/www.imovel.pt\/news\/imobiliario\/nrau\" \/>\n<meta property=\"og:locale\" content=\"pt_PT\" \/>\n<meta property=\"og:type\" content=\"article\" \/>\n<meta property=\"og:title\" content=\"NRAU: Novo Regime do Arrendamento Urbano explicado\" \/>\n<meta property=\"og:description\" content=\"Fica a conhecer todos os detalhes do NRAU \u2013 o Novo Regime do Arrendamento Urbano e as respetivas atualiza\u00e7\u00f5es.\" \/>\n<meta property=\"og:url\" content=\"https:\/\/www.imovel.pt\/news\/imobiliario\/nrau\" \/>\n<meta property=\"og:site_name\" content=\"im\u00f3vel.pt News\" \/>\n<meta property=\"article:publisher\" content=\"https:\/\/www.facebook.com\/imovel.pt\" \/>\n<meta property=\"article:published_time\" content=\"2022-09-13T14:46:50+00:00\" \/>\n<meta property=\"article:modified_time\" content=\"2022-10-04T19:07:30+00:00\" \/>\n<meta property=\"og:image\" content=\"https:\/\/www.imovel.pt\/news\/wp-content\/uploads\/2022\/09\/NRAU-Novo-Regime-do-Arrendamento-Urbano-explicado.png\" \/>\n\t<meta property=\"og:image:width\" content=\"1110\" \/>\n\t<meta property=\"og:image:height\" content=\"739\" \/>\n\t<meta property=\"og:image:type\" content=\"image\/png\" \/>\n<meta name=\"author\" content=\"im\u00f3vel.pt\" \/>\n<meta name=\"twitter:card\" content=\"summary_large_image\" \/>\n<meta name=\"twitter:label1\" content=\"Escrito por\" \/>\n\t<meta name=\"twitter:data1\" content=\"im\u00f3vel.pt\" \/>\n\t<meta name=\"twitter:label2\" content=\"Tempo estimado de leitura\" \/>\n\t<meta name=\"twitter:data2\" content=\"11 minutos\" \/>\n<script type=\"application\/ld+json\" class=\"yoast-schema-graph\">{\"@context\":\"https:\\\/\\\/schema.org\",\"@graph\":[{\"@type\":\"Article\",\"@id\":\"https:\\\/\\\/www.imovel.pt\\\/news\\\/imobiliario\\\/nrau#article\",\"isPartOf\":{\"@id\":\"https:\\\/\\\/www.imovel.pt\\\/news\\\/imobiliario\\\/nrau\"},\"author\":{\"name\":\"im\u00f3vel.pt\",\"@id\":\"https:\\\/\\\/www.imovel.pt\\\/news\\\/#\\\/schema\\\/person\\\/5d403e48cef3333473719d7916dc7ae4\"},\"headline\":\"NRAU: Novo Regime do Arrendamento Urbano explicado\",\"datePublished\":\"2022-09-13T14:46:50+00:00\",\"dateModified\":\"2022-10-04T19:07:30+00:00\",\"mainEntityOfPage\":{\"@id\":\"https:\\\/\\\/www.imovel.pt\\\/news\\\/imobiliario\\\/nrau\"},\"wordCount\":1927,\"commentCount\":7,\"publisher\":{\"@id\":\"https:\\\/\\\/www.imovel.pt\\\/news\\\/#organization\"},\"image\":{\"@id\":\"https:\\\/\\\/www.imovel.pt\\\/news\\\/imobiliario\\\/nrau#primaryimage\"},\"thumbnailUrl\":\"https:\\\/\\\/www.imovel.pt\\\/news\\\/wp-content\\\/uploads\\\/2022\\\/09\\\/NRAU-Novo-Regime-do-Arrendamento-Urbano-explicado.png\",\"keywords\":[\"Arrendamento Urbano\",\"Arrendar casa\",\"Contrato de arrendamento\",\"NRAU\"],\"articleSection\":[\"Imobili\u00e1rio\"],\"inLanguage\":\"pt-PT\",\"potentialAction\":[{\"@type\":\"CommentAction\",\"name\":\"Comment\",\"target\":[\"https:\\\/\\\/www.imovel.pt\\\/news\\\/imobiliario\\\/nrau#respond\"]}]},{\"@type\":\"WebPage\",\"@id\":\"https:\\\/\\\/www.imovel.pt\\\/news\\\/imobiliario\\\/nrau\",\"url\":\"https:\\\/\\\/www.imovel.pt\\\/news\\\/imobiliario\\\/nrau\",\"name\":\"NRAU: Novo Regime do Arrendamento Urbano explicado\",\"isPartOf\":{\"@id\":\"https:\\\/\\\/www.imovel.pt\\\/news\\\/#website\"},\"primaryImageOfPage\":{\"@id\":\"https:\\\/\\\/www.imovel.pt\\\/news\\\/imobiliario\\\/nrau#primaryimage\"},\"image\":{\"@id\":\"https:\\\/\\\/www.imovel.pt\\\/news\\\/imobiliario\\\/nrau#primaryimage\"},\"thumbnailUrl\":\"https:\\\/\\\/www.imovel.pt\\\/news\\\/wp-content\\\/uploads\\\/2022\\\/09\\\/NRAU-Novo-Regime-do-Arrendamento-Urbano-explicado.png\",\"datePublished\":\"2022-09-13T14:46:50+00:00\",\"dateModified\":\"2022-10-04T19:07:30+00:00\",\"description\":\"Fica a conhecer todos os detalhes do NRAU \u2013 o Novo Regime do Arrendamento Urbano e as respetivas atualiza\u00e7\u00f5es.\",\"breadcrumb\":{\"@id\":\"https:\\\/\\\/www.imovel.pt\\\/news\\\/imobiliario\\\/nrau#breadcrumb\"},\"inLanguage\":\"pt-PT\",\"potentialAction\":[{\"@type\":\"ReadAction\",\"target\":[\"https:\\\/\\\/www.imovel.pt\\\/news\\\/imobiliario\\\/nrau\"]}]},{\"@type\":\"ImageObject\",\"inLanguage\":\"pt-PT\",\"@id\":\"https:\\\/\\\/www.imovel.pt\\\/news\\\/imobiliario\\\/nrau#primaryimage\",\"url\":\"https:\\\/\\\/www.imovel.pt\\\/news\\\/wp-content\\\/uploads\\\/2022\\\/09\\\/NRAU-Novo-Regime-do-Arrendamento-Urbano-explicado.png\",\"contentUrl\":\"https:\\\/\\\/www.imovel.pt\\\/news\\\/wp-content\\\/uploads\\\/2022\\\/09\\\/NRAU-Novo-Regime-do-Arrendamento-Urbano-explicado.png\",\"width\":1110,\"height\":739,\"caption\":\"nrau\"},{\"@type\":\"BreadcrumbList\",\"@id\":\"https:\\\/\\\/www.imovel.pt\\\/news\\\/imobiliario\\\/nrau#breadcrumb\",\"itemListElement\":[{\"@type\":\"ListItem\",\"position\":1,\"name\":\"In\u00edcio\",\"item\":\"https:\\\/\\\/www.imovel.pt\\\/news\"},{\"@type\":\"ListItem\",\"position\":2,\"name\":\"NRAU: Novo Regime do Arrendamento Urbano explicado\"}]},{\"@type\":\"WebSite\",\"@id\":\"https:\\\/\\\/www.imovel.pt\\\/news\\\/#website\",\"url\":\"https:\\\/\\\/www.imovel.pt\\\/news\\\/\",\"name\":\"im\u00f3vel.pt News\",\"description\":\"Dicas e Not\u00edcias sobre o mundo do mercado imobili\u00e1rio\",\"publisher\":{\"@id\":\"https:\\\/\\\/www.imovel.pt\\\/news\\\/#organization\"},\"alternateName\":\"im\u00f3vel.pt News\",\"potentialAction\":[{\"@type\":\"SearchAction\",\"target\":{\"@type\":\"EntryPoint\",\"urlTemplate\":\"https:\\\/\\\/www.imovel.pt\\\/news\\\/?s={search_term_string}\"},\"query-input\":{\"@type\":\"PropertyValueSpecification\",\"valueRequired\":true,\"valueName\":\"search_term_string\"}}],\"inLanguage\":\"pt-PT\"},{\"@type\":\"Organization\",\"@id\":\"https:\\\/\\\/www.imovel.pt\\\/news\\\/#organization\",\"name\":\"im\u00f3vel.pt News\",\"alternateName\":\"im\u00f3vel.pt News\",\"url\":\"https:\\\/\\\/www.imovel.pt\\\/news\\\/\",\"logo\":{\"@type\":\"ImageObject\",\"inLanguage\":\"pt-PT\",\"@id\":\"https:\\\/\\\/www.imovel.pt\\\/news\\\/#\\\/schema\\\/logo\\\/image\\\/\",\"url\":\"https:\\\/\\\/www.imovel.pt\\\/news\\\/wp-content\\\/uploads\\\/2022\\\/07\\\/logo-imovel.pt_.svg\",\"contentUrl\":\"https:\\\/\\\/www.imovel.pt\\\/news\\\/wp-content\\\/uploads\\\/2022\\\/07\\\/logo-imovel.pt_.svg\",\"width\":212,\"height\":57,\"caption\":\"im\u00f3vel.pt News\"},\"image\":{\"@id\":\"https:\\\/\\\/www.imovel.pt\\\/news\\\/#\\\/schema\\\/logo\\\/image\\\/\"},\"sameAs\":[\"https:\\\/\\\/www.facebook.com\\\/imovel.pt\",\"https:\\\/\\\/www.instagram.com\\\/imovel.pt\\\/\",\"https:\\\/\\\/www.tiktok.com\\\/@imovel.pt\"]},{\"@type\":\"Person\",\"@id\":\"https:\\\/\\\/www.imovel.pt\\\/news\\\/#\\\/schema\\\/person\\\/5d403e48cef3333473719d7916dc7ae4\",\"name\":\"im\u00f3vel.pt\",\"image\":{\"@type\":\"ImageObject\",\"inLanguage\":\"pt-PT\",\"@id\":\"https:\\\/\\\/www.imovel.pt\\\/news\\\/wp-content\\\/uploads\\\/2022\\\/07\\\/cropped-cropped-imovel.pt2_-96x96.jpg\",\"url\":\"https:\\\/\\\/www.imovel.pt\\\/news\\\/wp-content\\\/uploads\\\/2022\\\/07\\\/cropped-cropped-imovel.pt2_-96x96.jpg\",\"contentUrl\":\"https:\\\/\\\/www.imovel.pt\\\/news\\\/wp-content\\\/uploads\\\/2022\\\/07\\\/cropped-cropped-imovel.pt2_-96x96.jpg\",\"caption\":\"im\u00f3vel.pt\"}}]}<\/script>\n<!-- \/ Yoast SEO Premium plugin. -->","yoast_head_json":{"title":"NRAU: Novo Regime do Arrendamento Urbano explicado","description":"Fica a conhecer todos os detalhes do NRAU \u2013 o Novo Regime do Arrendamento Urbano e as respetivas atualiza\u00e7\u00f5es.","robots":{"index":"index","follow":"follow","max-snippet":"max-snippet:-1","max-image-preview":"max-image-preview:large","max-video-preview":"max-video-preview:-1"},"canonical":"https:\/\/www.imovel.pt\/news\/imobiliario\/nrau","og_locale":"pt_PT","og_type":"article","og_title":"NRAU: Novo Regime do Arrendamento Urbano explicado","og_description":"Fica a conhecer todos os detalhes do NRAU \u2013 o Novo Regime do Arrendamento Urbano e as respetivas atualiza\u00e7\u00f5es.","og_url":"https:\/\/www.imovel.pt\/news\/imobiliario\/nrau","og_site_name":"im\u00f3vel.pt News","article_publisher":"https:\/\/www.facebook.com\/imovel.pt","article_published_time":"2022-09-13T14:46:50+00:00","article_modified_time":"2022-10-04T19:07:30+00:00","og_image":[{"width":1110,"height":739,"url":"https:\/\/www.imovel.pt\/news\/wp-content\/uploads\/2022\/09\/NRAU-Novo-Regime-do-Arrendamento-Urbano-explicado.png","type":"image\/png"}],"author":"im\u00f3vel.pt","twitter_card":"summary_large_image","twitter_misc":{"Escrito por":"im\u00f3vel.pt","Tempo estimado de leitura":"11 minutos"},"schema":{"@context":"https:\/\/schema.org","@graph":[{"@type":"Article","@id":"https:\/\/www.imovel.pt\/news\/imobiliario\/nrau#article","isPartOf":{"@id":"https:\/\/www.imovel.pt\/news\/imobiliario\/nrau"},"author":{"name":"im\u00f3vel.pt","@id":"https:\/\/www.imovel.pt\/news\/#\/schema\/person\/5d403e48cef3333473719d7916dc7ae4"},"headline":"NRAU: Novo Regime do Arrendamento Urbano explicado","datePublished":"2022-09-13T14:46:50+00:00","dateModified":"2022-10-04T19:07:30+00:00","mainEntityOfPage":{"@id":"https:\/\/www.imovel.pt\/news\/imobiliario\/nrau"},"wordCount":1927,"commentCount":7,"publisher":{"@id":"https:\/\/www.imovel.pt\/news\/#organization"},"image":{"@id":"https:\/\/www.imovel.pt\/news\/imobiliario\/nrau#primaryimage"},"thumbnailUrl":"https:\/\/www.imovel.pt\/news\/wp-content\/uploads\/2022\/09\/NRAU-Novo-Regime-do-Arrendamento-Urbano-explicado.png","keywords":["Arrendamento Urbano","Arrendar casa","Contrato de arrendamento","NRAU"],"articleSection":["Imobili\u00e1rio"],"inLanguage":"pt-PT","potentialAction":[{"@type":"CommentAction","name":"Comment","target":["https:\/\/www.imovel.pt\/news\/imobiliario\/nrau#respond"]}]},{"@type":"WebPage","@id":"https:\/\/www.imovel.pt\/news\/imobiliario\/nrau","url":"https:\/\/www.imovel.pt\/news\/imobiliario\/nrau","name":"NRAU: Novo Regime do Arrendamento Urbano explicado","isPartOf":{"@id":"https:\/\/www.imovel.pt\/news\/#website"},"primaryImageOfPage":{"@id":"https:\/\/www.imovel.pt\/news\/imobiliario\/nrau#primaryimage"},"image":{"@id":"https:\/\/www.imovel.pt\/news\/imobiliario\/nrau#primaryimage"},"thumbnailUrl":"https:\/\/www.imovel.pt\/news\/wp-content\/uploads\/2022\/09\/NRAU-Novo-Regime-do-Arrendamento-Urbano-explicado.png","datePublished":"2022-09-13T14:46:50+00:00","dateModified":"2022-10-04T19:07:30+00:00","description":"Fica a conhecer todos os detalhes do NRAU \u2013 o Novo Regime do Arrendamento Urbano e as respetivas atualiza\u00e7\u00f5es.","breadcrumb":{"@id":"https:\/\/www.imovel.pt\/news\/imobiliario\/nrau#breadcrumb"},"inLanguage":"pt-PT","potentialAction":[{"@type":"ReadAction","target":["https:\/\/www.imovel.pt\/news\/imobiliario\/nrau"]}]},{"@type":"ImageObject","inLanguage":"pt-PT","@id":"https:\/\/www.imovel.pt\/news\/imobiliario\/nrau#primaryimage","url":"https:\/\/www.imovel.pt\/news\/wp-content\/uploads\/2022\/09\/NRAU-Novo-Regime-do-Arrendamento-Urbano-explicado.png","contentUrl":"https:\/\/www.imovel.pt\/news\/wp-content\/uploads\/2022\/09\/NRAU-Novo-Regime-do-Arrendamento-Urbano-explicado.png","width":1110,"height":739,"caption":"nrau"},{"@type":"BreadcrumbList","@id":"https:\/\/www.imovel.pt\/news\/imobiliario\/nrau#breadcrumb","itemListElement":[{"@type":"ListItem","position":1,"name":"In\u00edcio","item":"https:\/\/www.imovel.pt\/news"},{"@type":"ListItem","position":2,"name":"NRAU: Novo Regime do Arrendamento Urbano explicado"}]},{"@type":"WebSite","@id":"https:\/\/www.imovel.pt\/news\/#website","url":"https:\/\/www.imovel.pt\/news\/","name":"im\u00f3vel.pt News","description":"Dicas e Not\u00edcias sobre o mundo do mercado imobili\u00e1rio","publisher":{"@id":"https:\/\/www.imovel.pt\/news\/#organization"},"alternateName":"im\u00f3vel.pt News","potentialAction":[{"@type":"SearchAction","target":{"@type":"EntryPoint","urlTemplate":"https:\/\/www.imovel.pt\/news\/?s={search_term_string}"},"query-input":{"@type":"PropertyValueSpecification","valueRequired":true,"valueName":"search_term_string"}}],"inLanguage":"pt-PT"},{"@type":"Organization","@id":"https:\/\/www.imovel.pt\/news\/#organization","name":"im\u00f3vel.pt News","alternateName":"im\u00f3vel.pt News","url":"https:\/\/www.imovel.pt\/news\/","logo":{"@type":"ImageObject","inLanguage":"pt-PT","@id":"https:\/\/www.imovel.pt\/news\/#\/schema\/logo\/image\/","url":"https:\/\/www.imovel.pt\/news\/wp-content\/uploads\/2022\/07\/logo-imovel.pt_.svg","contentUrl":"https:\/\/www.imovel.pt\/news\/wp-content\/uploads\/2022\/07\/logo-imovel.pt_.svg","width":212,"height":57,"caption":"im\u00f3vel.pt News"},"image":{"@id":"https:\/\/www.imovel.pt\/news\/#\/schema\/logo\/image\/"},"sameAs":["https:\/\/www.facebook.com\/imovel.pt","https:\/\/www.instagram.com\/imovel.pt\/","https:\/\/www.tiktok.com\/@imovel.pt"]},{"@type":"Person","@id":"https:\/\/www.imovel.pt\/news\/#\/schema\/person\/5d403e48cef3333473719d7916dc7ae4","name":"im\u00f3vel.pt","image":{"@type":"ImageObject","inLanguage":"pt-PT","@id":"https:\/\/www.imovel.pt\/news\/wp-content\/uploads\/2022\/07\/cropped-cropped-imovel.pt2_-96x96.jpg","url":"https:\/\/www.imovel.pt\/news\/wp-content\/uploads\/2022\/07\/cropped-cropped-imovel.pt2_-96x96.jpg","contentUrl":"https:\/\/www.imovel.pt\/news\/wp-content\/uploads\/2022\/07\/cropped-cropped-imovel.pt2_-96x96.jpg","caption":"im\u00f3vel.pt"}}]}},"_links":{"self":[{"href":"https:\/\/www.imovel.pt\/news\/wp-json\/wp\/v2\/posts\/2295","targetHints":{"allow":["GET"]}}],"collection":[{"href":"https:\/\/www.imovel.pt\/news\/wp-json\/wp\/v2\/posts"}],"about":[{"href":"https:\/\/www.imovel.pt\/news\/wp-json\/wp\/v2\/types\/post"}],"author":[{"embeddable":true,"href":"https:\/\/www.imovel.pt\/news\/wp-json\/wp\/v2\/users\/2"}],"replies":[{"embeddable":true,"href":"https:\/\/www.imovel.pt\/news\/wp-json\/wp\/v2\/comments?post=2295"}],"version-history":[{"count":17,"href":"https:\/\/www.imovel.pt\/news\/wp-json\/wp\/v2\/posts\/2295\/revisions"}],"predecessor-version":[{"id":2419,"href":"https:\/\/www.imovel.pt\/news\/wp-json\/wp\/v2\/posts\/2295\/revisions\/2419"}],"wp:featuredmedia":[{"embeddable":true,"href":"https:\/\/www.imovel.pt\/news\/wp-json\/wp\/v2\/media\/2308"}],"wp:attachment":[{"href":"https:\/\/www.imovel.pt\/news\/wp-json\/wp\/v2\/media?parent=2295"}],"wp:term":[{"taxonomy":"category","embeddable":true,"href":"https:\/\/www.imovel.pt\/news\/wp-json\/wp\/v2\/categories?post=2295"},{"taxonomy":"post_tag","embeddable":true,"href":"https:\/\/www.imovel.pt\/news\/wp-json\/wp\/v2\/tags?post=2295"}],"curies":[{"name":"wp","href":"https:\/\/api.w.org\/{rel}","templated":true}]}}